{"id":1201,"date":"2022-12-22T11:00:09","date_gmt":"2022-12-22T16:00:09","guid":{"rendered":"https:\/\/aqp.ugelcondesuyos.com\/?p=1201"},"modified":"2022-12-22T11:00:09","modified_gmt":"2022-12-22T16:00:09","slug":"comunicado-modificacion-de-cronograma-cuarta-etapa-de-encargatura","status":"publish","type":"post","link":"https:\/\/web.ugelcondesuyos.com\/?p=1201","title":{"rendered":"COMUNICADO MODIFICACI\u00d3N DE CRONOGRAMA CUARTA ETAPA DE ENCARGATURA"},"content":{"rendered":"\n<p>El c\u00f3mite de evaluaci\u00f3n de encargatura de cargos de jefe de gesti\u00f3n pedag\u00f3gica de la UGEL, Especialistas en educaci\u00f3n de la UGEL, acompa\u00f1ante pedag\u00f3gico de laUGEL, cargos directivos y cargos jer\u00e1rgicos de la IIEE de EB y TP del \u00e1mbito de la UGEL Condesuyos para el periodo lectivo 2023 comunica a los docentes del ambito de la UGEL que, en m\u00e9rito a la R.V.M. N\u00b0 165-2022-MINEDU, la modificaci\u00f3n del cronograma de actividades para el proceso de encargatura CUARTA ETAPA (Evaluaci\u00f3n Excepcional)<\/p>\n\n\n\n<div class=\"wp-block-file\"><object class=\"wp-block-file__embed\" data=\"https:\/\/web.ugelcondesuyos.com\/wp-content\/uploads\/doc01290120221222140944_organized.pdf\" type=\"application\/pdf\" style=\"width:100%;height:600px\" aria-label=\"Incrustado de doc01290120221222140944_organized.\"><\/object><a id=\"wp-block-file--media-7739f491-138c-44d5-b17c-261563e95549\" href=\"https:\/\/web.ugelcondesuyos.com\/wp-content\/uploads\/doc01290120221222140944_organized.pdf\">doc01290120221222140944_organized<\/a><a href=\"https:\/\/web.ugelcondesuyos.com\/wp-content\/uploads\/doc01290120221222140944_organized.pdf\" class=\"wp-block-file__button wp-element-button\" download aria-describedby=\"wp-block-file--media-7739f491-138c-44d5-b17c-261563e95549\">Descarga<\/a><\/div>\n","protected":false},"excerpt":{"rendered":"<p>El c\u00f3mite de evaluaci\u00f3n de encargatura de cargos de jefe de gesti\u00f3n pedag\u00f3gica de la UGEL, Especialistas en educaci\u00f3n de la UGEL, acompa\u00f1ante pedag\u00f3gico de laUGEL, cargos directivos y cargos jer\u00e1rgicos de la IIEE de EB y TP del \u00e1mbito de la UGEL Condesuyos para el periodo lectivo 2023 comunica a los docentes del ambito [&hellip;]<\/p>\n","protected":false},"author":1,"featured_media":0,"comment_status":"open","ping_status":"open","sticky":false,"template":"","format":"standard","meta":{"footnotes":""},"categories":[12,13],"tags":[],"_links":{"self":[{"href":"https:\/\/web.ugelcondesuyos.com\/index.php?rest_route=\/wp\/v2\/posts\/1201"}],"collection":[{"href":"https:\/\/web.ugelcondesuyos.com\/index.php?rest_route=\/wp\/v2\/posts"}],"about":[{"href":"https:\/\/web.ugelcondesuyos.com\/index.php?rest_route=\/wp\/v2\/types\/post"}],"author":[{"embeddable":true,"href":"https:\/\/web.ugelcondesuyos.com\/index.php?rest_route=\/wp\/v2\/users\/1"}],"replies":[{"embeddable":true,"href":"https:\/\/web.ugelcondesuyos.com\/index.php?rest_route=%2Fwp%2Fv2%2Fcomments&post=1201"}],"version-history":[{"count":0,"href":"https:\/\/web.ugelcondesuyos.com\/index.php?rest_route=\/wp\/v2\/posts\/1201\/revisions"}],"wp:attachment":[{"href":"https:\/\/web.ugelcondesuyos.com\/index.php?rest_route=%2Fwp%2Fv2%2Fmedia&parent=1201"}],"wp:term":[{"taxonomy":"category","embeddable":true,"href":"https:\/\/web.ugelcondesuyos.com\/index.php?rest_route=%2Fwp%2Fv2%2Fcategories&post=1201"},{"taxonomy":"post_tag","embeddable":true,"href":"https:\/\/web.ugelcondesuyos.com\/index.php?rest_route=%2Fwp%2Fv2%2Ftags&post=1201"}],"curies":[{"name":"wp","href":"https:\/\/api.w.org\/{rel}","templated":true}]}}