{"id":1421,"date":"2023-01-18T16:01:39","date_gmt":"2023-01-18T21:01:39","guid":{"rendered":"https:\/\/aqp.ugelcondesuyos.com\/?p=1421"},"modified":"2023-01-18T16:01:39","modified_gmt":"2023-01-18T21:01:39","slug":"oficio-multiple-n-00011-2023-minedu-vmgp-digedd","status":"publish","type":"post","link":"https:\/\/web.ugelcondesuyos.com\/?p=1421","title":{"rendered":"OFICIO M\u00daLTIPLE N\u00b0 00011-2023-MINEDU\/VMGP-DIGEDD"},"content":{"rendered":"\n<p>OFICIO M\u00daLTIPLE N\u00b0 00011-2023-MINEDU\/VMGP-DIGEDD, donde se da a conocer precisiones sobre el concurso p\u00fablico de Ingreso a la Carrera P\u00fablica Magisterial 2022 y que determina los Cuadros de M\u00e9ritos para la Contrataci\u00f3n Docente 2023-2024 en instituciones educativas p\u00fablicas de educaci\u00f3n b\u00e1sica: que indica que \u201cse est\u00e1 procediendo a modificar el cronograma del Concurso de Ingreso a la Carrera P\u00fablica Magisterial en su Etapa Descentralizada, el cual les ser\u00e1 remitido oportunamente\u201d<\/p>\n\n\n\n<div class=\"wp-block-file\"><object class=\"wp-block-file__embed\" data=\"https:\/\/web.ugelcondesuyos.com\/wp-content\/uploads\/OFICIO_MULTIPLE-00011-2023-MINEDU-VMGP-DIGEDD.pdf\" type=\"application\/pdf\" style=\"width:100%;height:600px\" aria-label=\"Incrustado de OFICIO_MULTIPLE-00011-2023-MINEDU-VMGP-DIGEDD.\"><\/object><a id=\"wp-block-file--media-8aa54a4b-e488-4acf-8cf5-b61273308d17\" href=\"https:\/\/web.ugelcondesuyos.com\/wp-content\/uploads\/OFICIO_MULTIPLE-00011-2023-MINEDU-VMGP-DIGEDD.pdf\">OFICIO_MULTIPLE-00011-2023-MINEDU-VMGP-DIGEDD<\/a><a href=\"https:\/\/web.ugelcondesuyos.com\/wp-content\/uploads\/OFICIO_MULTIPLE-00011-2023-MINEDU-VMGP-DIGEDD.pdf\" class=\"wp-block-file__button wp-element-button\" download aria-describedby=\"wp-block-file--media-8aa54a4b-e488-4acf-8cf5-b61273308d17\">Descarga<\/a><\/div>\n","protected":false},"excerpt":{"rendered":"<p>OFICIO M\u00daLTIPLE N\u00b0 00011-2023-MINEDU\/VMGP-DIGEDD, donde se da a conocer precisiones sobre el concurso p\u00fablico de Ingreso a la Carrera P\u00fablica Magisterial 2022 y que determina los Cuadros de M\u00e9ritos para la Contrataci\u00f3n Docente 2023-2024 en instituciones educativas p\u00fablicas de educaci\u00f3n b\u00e1sica: que indica que \u201cse est\u00e1 procediendo a modificar el cronograma del Concurso de Ingreso [&hellip;]<\/p>\n","protected":false},"author":1,"featured_media":0,"comment_status":"open","ping_status":"open","sticky":false,"template":"","format":"standard","meta":{"footnotes":""},"categories":[12,13],"tags":[],"_links":{"self":[{"href":"https:\/\/web.ugelcondesuyos.com\/index.php?rest_route=\/wp\/v2\/posts\/1421"}],"collection":[{"href":"https:\/\/web.ugelcondesuyos.com\/index.php?rest_route=\/wp\/v2\/posts"}],"about":[{"href":"https:\/\/web.ugelcondesuyos.com\/index.php?rest_route=\/wp\/v2\/types\/post"}],"author":[{"embeddable":true,"href":"https:\/\/web.ugelcondesuyos.com\/index.php?rest_route=\/wp\/v2\/users\/1"}],"replies":[{"embeddable":true,"href":"https:\/\/web.ugelcondesuyos.com\/index.php?rest_route=%2Fwp%2Fv2%2Fcomments&post=1421"}],"version-history":[{"count":0,"href":"https:\/\/web.ugelcondesuyos.com\/index.php?rest_route=\/wp\/v2\/posts\/1421\/revisions"}],"wp:attachment":[{"href":"https:\/\/web.ugelcondesuyos.com\/index.php?rest_route=%2Fwp%2Fv2%2Fmedia&parent=1421"}],"wp:term":[{"taxonomy":"category","embeddable":true,"href":"https:\/\/web.ugelcondesuyos.com\/index.php?rest_route=%2Fwp%2Fv2%2Fcategories&post=1421"},{"taxonomy":"post_tag","embeddable":true,"href":"https:\/\/web.ugelcondesuyos.com\/index.php?rest_route=%2Fwp%2Fv2%2Ftags&post=1421"}],"curies":[{"name":"wp","href":"https:\/\/api.w.org\/{rel}","templated":true}]}}