{"id":1432,"date":"2023-01-24T16:21:23","date_gmt":"2023-01-24T21:21:23","guid":{"rendered":"https:\/\/aqp.ugelcondesuyos.com\/?p=1432"},"modified":"2023-01-24T16:21:23","modified_gmt":"2023-01-24T21:21:23","slug":"cronograma-de-proceso-de-contrato-de-auxiliares-de-educacion-2023","status":"publish","type":"post","link":"https:\/\/web.ugelcondesuyos.com\/?p=1432","title":{"rendered":"CRONOGRAMA DE PROCESO DE CONTRATO DE AUXILIARES DE EDUCACI\u00d3N 2023"},"content":{"rendered":"\n<p>El Comit\u00e9 de Contrataci\u00f3n de Auxiliares de Educaci\u00f3n 2023 de la UGEL Condesuyos, en m\u00e9rito a<br>la \u00abNorma que regula disposiciones para la contrataci\u00f3n de Auxiliares de Educaci\u00f3n en<br>Instituciones Educativas de Educaci\u00f3n B\u00e1sica Regular y Educaci\u00f3n B\u00e1sica\u201d, aprobada mediante la<br>Resoluci\u00f3n Viceministerial N\u00b0007-2023- MINEDU, comunica el cronograma para la contrataci\u00f3n<\/p>\n\n\n\n<div class=\"wp-block-file\"><object class=\"wp-block-file__embed\" data=\"https:\/\/web.ugelcondesuyos.com\/wp-content\/uploads\/CRONOGRAMA-AUXILIAR-DE-EDUCACION-2023-1.pdf\" type=\"application\/pdf\" style=\"width:100%;height:600px\" aria-label=\"Incrustado de CRONOGRAMA-AUXILIAR-DE-EDUCACION-2023-1.\"><\/object><a id=\"wp-block-file--media-a18b440e-7447-4b68-808b-3930ffaa2a57\" href=\"https:\/\/web.ugelcondesuyos.com\/wp-content\/uploads\/CRONOGRAMA-AUXILIAR-DE-EDUCACION-2023-1.pdf\">CRONOGRAMA-AUXILIAR-DE-EDUCACION-2023-1<\/a><a href=\"https:\/\/web.ugelcondesuyos.com\/wp-content\/uploads\/CRONOGRAMA-AUXILIAR-DE-EDUCACION-2023-1.pdf\" class=\"wp-block-file__button wp-element-button\" download aria-describedby=\"wp-block-file--media-a18b440e-7447-4b68-808b-3930ffaa2a57\">Descarga<\/a><\/div>\n","protected":false},"excerpt":{"rendered":"<p>El Comit\u00e9 de Contrataci\u00f3n de Auxiliares de Educaci\u00f3n 2023 de la UGEL Condesuyos, en m\u00e9rito ala \u00abNorma que regula disposiciones para la contrataci\u00f3n de Auxiliares de Educaci\u00f3n enInstituciones Educativas de Educaci\u00f3n B\u00e1sica Regular y Educaci\u00f3n B\u00e1sica\u201d, aprobada mediante laResoluci\u00f3n Viceministerial N\u00b0007-2023- MINEDU, comunica el cronograma para la contrataci\u00f3n<\/p>\n","protected":false},"author":1,"featured_media":0,"comment_status":"open","ping_status":"open","sticky":false,"template":"","format":"standard","meta":{"footnotes":""},"categories":[13,15],"tags":[],"_links":{"self":[{"href":"https:\/\/web.ugelcondesuyos.com\/index.php?rest_route=\/wp\/v2\/posts\/1432"}],"collection":[{"href":"https:\/\/web.ugelcondesuyos.com\/index.php?rest_route=\/wp\/v2\/posts"}],"about":[{"href":"https:\/\/web.ugelcondesuyos.com\/index.php?rest_route=\/wp\/v2\/types\/post"}],"author":[{"embeddable":true,"href":"https:\/\/web.ugelcondesuyos.com\/index.php?rest_route=\/wp\/v2\/users\/1"}],"replies":[{"embeddable":true,"href":"https:\/\/web.ugelcondesuyos.com\/index.php?rest_route=%2Fwp%2Fv2%2Fcomments&post=1432"}],"version-history":[{"count":0,"href":"https:\/\/web.ugelcondesuyos.com\/index.php?rest_route=\/wp\/v2\/posts\/1432\/revisions"}],"wp:attachment":[{"href":"https:\/\/web.ugelcondesuyos.com\/index.php?rest_route=%2Fwp%2Fv2%2Fmedia&parent=1432"}],"wp:term":[{"taxonomy":"category","embeddable":true,"href":"https:\/\/web.ugelcondesuyos.com\/index.php?rest_route=%2Fwp%2Fv2%2Fcategories&post=1432"},{"taxonomy":"post_tag","embeddable":true,"href":"https:\/\/web.ugelcondesuyos.com\/index.php?rest_route=%2Fwp%2Fv2%2Ftags&post=1432"}],"curies":[{"name":"wp","href":"https:\/\/api.w.org\/{rel}","templated":true}]}}