{"id":1501,"date":"2023-01-31T12:14:56","date_gmt":"2023-01-31T17:14:56","guid":{"rendered":"https:\/\/aqp.ugelcondesuyos.com\/?p=1501"},"modified":"2023-01-31T12:14:56","modified_gmt":"2023-01-31T17:14:56","slug":"comunicado-n-001-2023-ccd","status":"publish","type":"post","link":"https:\/\/web.ugelcondesuyos.com\/?p=1501","title":{"rendered":"COMUNICADO N\u00b0 001 &#8211; 2023-CCD"},"content":{"rendered":"\n<p>La Unidad de Gesti\u00f3n Educativa Local de Condesuyos, a trav\u00e9s del Comit\u00e9 de contrataci\u00f3n docente para el a\u00f1o 2023, hace de conocimiento que la presentaci\u00f3n de expedientes para la contrataci\u00f3n bajo la modalidad de la Prueba \u00danica Nacional (PUN).<\/p>\n\n\n\n<div class=\"wp-block-file\"><object class=\"wp-block-file__embed\" data=\"https:\/\/web.ugelcondesuyos.com\/wp-content\/uploads\/COMUNICADO-01-CONTRATO-DOCENTE-2023.pdf\" type=\"application\/pdf\" style=\"width:100%;height:600px\" aria-label=\"Incrustado de COMUNICADO-01-CONTRATO-DOCENTE-2023.\"><\/object><a id=\"wp-block-file--media-d003f406-c8a0-4fab-86fa-1911653ce49e\" href=\"https:\/\/web.ugelcondesuyos.com\/wp-content\/uploads\/COMUNICADO-01-CONTRATO-DOCENTE-2023.pdf\">COMUNICADO-01-CONTRATO-DOCENTE-2023<\/a><a href=\"https:\/\/web.ugelcondesuyos.com\/wp-content\/uploads\/COMUNICADO-01-CONTRATO-DOCENTE-2023.pdf\" class=\"wp-block-file__button wp-element-button\" download aria-describedby=\"wp-block-file--media-d003f406-c8a0-4fab-86fa-1911653ce49e\">Descarga<\/a><\/div>\n","protected":false},"excerpt":{"rendered":"<p>La Unidad de Gesti\u00f3n Educativa Local de Condesuyos, a trav\u00e9s del Comit\u00e9 de contrataci\u00f3n docente para el a\u00f1o 2023, hace de conocimiento que la presentaci\u00f3n de expedientes para la contrataci\u00f3n bajo la modalidad de la Prueba \u00danica Nacional (PUN).<\/p>\n","protected":false},"author":1,"featured_media":0,"comment_status":"open","ping_status":"open","sticky":false,"template":"","format":"standard","meta":{"footnotes":""},"categories":[13,15],"tags":[],"_links":{"self":[{"href":"https:\/\/web.ugelcondesuyos.com\/index.php?rest_route=\/wp\/v2\/posts\/1501"}],"collection":[{"href":"https:\/\/web.ugelcondesuyos.com\/index.php?rest_route=\/wp\/v2\/posts"}],"about":[{"href":"https:\/\/web.ugelcondesuyos.com\/index.php?rest_route=\/wp\/v2\/types\/post"}],"author":[{"embeddable":true,"href":"https:\/\/web.ugelcondesuyos.com\/index.php?rest_route=\/wp\/v2\/users\/1"}],"replies":[{"embeddable":true,"href":"https:\/\/web.ugelcondesuyos.com\/index.php?rest_route=%2Fwp%2Fv2%2Fcomments&post=1501"}],"version-history":[{"count":0,"href":"https:\/\/web.ugelcondesuyos.com\/index.php?rest_route=\/wp\/v2\/posts\/1501\/revisions"}],"wp:attachment":[{"href":"https:\/\/web.ugelcondesuyos.com\/index.php?rest_route=%2Fwp%2Fv2%2Fmedia&parent=1501"}],"wp:term":[{"taxonomy":"category","embeddable":true,"href":"https:\/\/web.ugelcondesuyos.com\/index.php?rest_route=%2Fwp%2Fv2%2Fcategories&post=1501"},{"taxonomy":"post_tag","embeddable":true,"href":"https:\/\/web.ugelcondesuyos.com\/index.php?rest_route=%2Fwp%2Fv2%2Ftags&post=1501"}],"curies":[{"name":"wp","href":"https:\/\/api.w.org\/{rel}","templated":true}]}}