{"id":1554,"date":"2023-02-08T14:42:29","date_gmt":"2023-02-08T19:42:29","guid":{"rendered":"https:\/\/aqp.ugelcondesuyos.com\/?p=1554"},"modified":"2023-02-08T14:42:29","modified_gmt":"2023-02-08T19:42:29","slug":"comunicado-n-002-2023-gra-grea-ugelcon-agp","status":"publish","type":"post","link":"https:\/\/web.ugelcondesuyos.com\/?p=1554","title":{"rendered":"Comunicado N\u00b0 002-2023-GRA-GREA-UGELCON-AGP"},"content":{"rendered":"\n<p>La UGEL Condesuyos comunica el inicio de inscripci\u00f3n para el Proceso de Evaluaci\u00f3n de Lengua Ind\u00edgena u Originaria 2023, dirigido a docentes y otros profesionales que laboran en el sector Educaci\u00f3n o en II.EE EIB para su reincorporaci\u00f3n o renovaci\u00f3n en el Registro Nacional de Docentes Biling\u00fces de Lenguas Ind\u00edgenas u Originarias del Per\u00fa-RNDBLO. Las inscripciones se vienen realizando de manera virtual desde el 18 de enero al 30 de abril del 2023 (no habr\u00e1 pr\u00f3rroga) en el siguiente enlace que se encontrar\u00e1 la p\u00e1gina web del Ministerio de Educaci\u00f3n, donde los participantes al proceso deber\u00e1n ingresar sus datos en la ficha de inscripci\u00f3n.<\/p>\n\n\n\n<div class=\"wp-block-file\"><object class=\"wp-block-file__embed\" data=\"https:\/\/web.ugelcondesuyos.com\/wp-content\/uploads\/Comunicado-N\u00b0-2-COMUNICA-INSCRIPCION-LO.pdf\" type=\"application\/pdf\" style=\"width:100%;height:600px\" aria-label=\"Incrustado de Comunicado-N\u00b0-2-COMUNICA-INSCRIPCION-LO.\"><\/object><a id=\"wp-block-file--media-5f4d5b02-9eba-4277-8aa4-19d98e6c2e55\" href=\"https:\/\/web.ugelcondesuyos.com\/wp-content\/uploads\/Comunicado-N\u00b0-2-COMUNICA-INSCRIPCION-LO.pdf\">Comunicado-N\u00b0-2-COMUNICA-INSCRIPCION-LO<\/a><a href=\"https:\/\/web.ugelcondesuyos.com\/wp-content\/uploads\/Comunicado-N\u00b0-2-COMUNICA-INSCRIPCION-LO.pdf\" class=\"wp-block-file__button wp-element-button\" download aria-describedby=\"wp-block-file--media-5f4d5b02-9eba-4277-8aa4-19d98e6c2e55\">Descarga<\/a><\/div>\n","protected":false},"excerpt":{"rendered":"<p>La UGEL Condesuyos comunica el inicio de inscripci\u00f3n para el Proceso de Evaluaci\u00f3n de Lengua Ind\u00edgena u Originaria 2023, dirigido a docentes y otros profesionales que laboran en el sector Educaci\u00f3n o en II.EE EIB para su reincorporaci\u00f3n o renovaci\u00f3n en el Registro Nacional de Docentes Biling\u00fces de Lenguas Ind\u00edgenas u Originarias del Per\u00fa-RNDBLO. Las [&hellip;]<\/p>\n","protected":false},"author":1,"featured_media":0,"comment_status":"open","ping_status":"open","sticky":false,"template":"","format":"standard","meta":{"footnotes":""},"categories":[13,16],"tags":[],"_links":{"self":[{"href":"https:\/\/web.ugelcondesuyos.com\/index.php?rest_route=\/wp\/v2\/posts\/1554"}],"collection":[{"href":"https:\/\/web.ugelcondesuyos.com\/index.php?rest_route=\/wp\/v2\/posts"}],"about":[{"href":"https:\/\/web.ugelcondesuyos.com\/index.php?rest_route=\/wp\/v2\/types\/post"}],"author":[{"embeddable":true,"href":"https:\/\/web.ugelcondesuyos.com\/index.php?rest_route=\/wp\/v2\/users\/1"}],"replies":[{"embeddable":true,"href":"https:\/\/web.ugelcondesuyos.com\/index.php?rest_route=%2Fwp%2Fv2%2Fcomments&post=1554"}],"version-history":[{"count":0,"href":"https:\/\/web.ugelcondesuyos.com\/index.php?rest_route=\/wp\/v2\/posts\/1554\/revisions"}],"wp:attachment":[{"href":"https:\/\/web.ugelcondesuyos.com\/index.php?rest_route=%2Fwp%2Fv2%2Fmedia&parent=1554"}],"wp:term":[{"taxonomy":"category","embeddable":true,"href":"https:\/\/web.ugelcondesuyos.com\/index.php?rest_route=%2Fwp%2Fv2%2Fcategories&post=1554"},{"taxonomy":"post_tag","embeddable":true,"href":"https:\/\/web.ugelcondesuyos.com\/index.php?rest_route=%2Fwp%2Fv2%2Ftags&post=1554"}],"curies":[{"name":"wp","href":"https:\/\/api.w.org\/{rel}","templated":true}]}}