{"id":1586,"date":"2023-02-11T16:53:41","date_gmt":"2023-02-11T21:53:41","guid":{"rendered":"https:\/\/aqp.ugelcondesuyos.com\/?p=1586"},"modified":"2023-02-11T16:53:41","modified_gmt":"2023-02-11T21:53:41","slug":"comunicado-n-005-2023-ccd","status":"publish","type":"post","link":"https:\/\/web.ugelcondesuyos.com\/?p=1586","title":{"rendered":"<strong><u>COMUNICADO N\u00b0 005 \u2013 2023 \u2013 CCD<\/u><\/strong>"},"content":{"rendered":"\n<p><strong><u>FE DE ERRATAS<\/u><\/strong><\/p>\n\n\n\n<p>Por medio de la presente damos a conocer a los interesados que por problemas con el internet y errores en la digitaci\u00f3n , es que sacamos este cuadro de plazas para el proceso de contrataci\u00f3n docente que se realizar\u00e1 el martes 14 de Febrero del presente a\u00f1o; con las disculpas correspondientes, esperamos su gentil comprensi\u00f3n. Plazas al 11-02-2023<\/p>\n\n\n\n<div class=\"wp-block-file\"><object class=\"wp-block-file__embed\" data=\"https:\/\/web.ugelcondesuyos.com\/wp-content\/uploads\/Fe-de-erratas1102-1.pdf\" type=\"application\/pdf\" style=\"width:100%;height:600px\" aria-label=\"Incrustado de Fe-de-erratas1102-1.\"><\/object><a id=\"wp-block-file--media-e6be7a81-9ca0-4f60-a70e-c4962a1a6838\" href=\"https:\/\/web.ugelcondesuyos.com\/wp-content\/uploads\/Fe-de-erratas1102-1.pdf\">Fe-de-erratas1102-1<\/a><a href=\"https:\/\/web.ugelcondesuyos.com\/wp-content\/uploads\/Fe-de-erratas1102-1.pdf\" class=\"wp-block-file__button wp-element-button\" download aria-describedby=\"wp-block-file--media-e6be7a81-9ca0-4f60-a70e-c4962a1a6838\">Descarga<\/a><\/div>\n\n\n\n<p><strong><a href=\"https:\/\/web.ugelcondesuyos.com\/wp-content\/uploads\/PLAZAS-VCANTES-OK.pdf\" target=\"_blank\" rel=\"noreferrer noopener\">DESCARGAR AQUI LOS RESULTADOS<\/a><\/strong> <\/p>\n\n\n\n<div class=\"wp-block-file\"><object class=\"wp-block-file__embed\" data=\"https:\/\/web.ugelcondesuyos.com\/wp-content\/uploads\/PLAZAS-VCANTES-OK.pdf\" type=\"application\/pdf\" style=\"width:100%;height:746px\" aria-label=\"Incrustado de PLAZAS-VCANTES-OK.\"><\/object><a id=\"wp-block-file--media-a6989096-c086-4347-901c-578cdfc12761\" href=\"https:\/\/web.ugelcondesuyos.com\/wp-content\/uploads\/PLAZAS-VCANTES-OK.pdf\">PLAZAS-VCANTES-OK<\/a><a href=\"https:\/\/web.ugelcondesuyos.com\/wp-content\/uploads\/PLAZAS-VCANTES-OK.pdf\" class=\"wp-block-file__button wp-element-button\" download aria-describedby=\"wp-block-file--media-a6989096-c086-4347-901c-578cdfc12761\">Descarga<\/a><\/div>\n","protected":false},"excerpt":{"rendered":"<p>FE DE ERRATAS Por medio de la presente damos a conocer a los interesados que por problemas con el internet y errores en la digitaci\u00f3n , es que sacamos este cuadro de plazas para el proceso de contrataci\u00f3n docente que se realizar\u00e1 el martes 14 de Febrero del presente a\u00f1o; con las disculpas correspondientes, esperamos [&hellip;]<\/p>\n","protected":false},"author":1,"featured_media":0,"comment_status":"open","ping_status":"open","sticky":false,"template":"","format":"standard","meta":{"footnotes":""},"categories":[12,13,14,15,16],"tags":[],"_links":{"self":[{"href":"https:\/\/web.ugelcondesuyos.com\/index.php?rest_route=\/wp\/v2\/posts\/1586"}],"collection":[{"href":"https:\/\/web.ugelcondesuyos.com\/index.php?rest_route=\/wp\/v2\/posts"}],"about":[{"href":"https:\/\/web.ugelcondesuyos.com\/index.php?rest_route=\/wp\/v2\/types\/post"}],"author":[{"embeddable":true,"href":"https:\/\/web.ugelcondesuyos.com\/index.php?rest_route=\/wp\/v2\/users\/1"}],"replies":[{"embeddable":true,"href":"https:\/\/web.ugelcondesuyos.com\/index.php?rest_route=%2Fwp%2Fv2%2Fcomments&post=1586"}],"version-history":[{"count":0,"href":"https:\/\/web.ugelcondesuyos.com\/index.php?rest_route=\/wp\/v2\/posts\/1586\/revisions"}],"wp:attachment":[{"href":"https:\/\/web.ugelcondesuyos.com\/index.php?rest_route=%2Fwp%2Fv2%2Fmedia&parent=1586"}],"wp:term":[{"taxonomy":"category","embeddable":true,"href":"https:\/\/web.ugelcondesuyos.com\/index.php?rest_route=%2Fwp%2Fv2%2Fcategories&post=1586"},{"taxonomy":"post_tag","embeddable":true,"href":"https:\/\/web.ugelcondesuyos.com\/index.php?rest_route=%2Fwp%2Fv2%2Ftags&post=1586"}],"curies":[{"name":"wp","href":"https:\/\/api.w.org\/{rel}","templated":true}]}}