{"id":1635,"date":"2023-02-16T19:11:56","date_gmt":"2023-02-17T00:11:56","guid":{"rendered":"https:\/\/aqp.ugelcondesuyos.com\/?p=1635"},"modified":"2023-02-16T19:11:56","modified_gmt":"2023-02-17T00:11:56","slug":"comunicado-n-001-2023-cae","status":"publish","type":"post","link":"https:\/\/web.ugelcondesuyos.com\/?p=1635","title":{"rendered":"COMUNICADO N\u00b0 001-2023-CAE"},"content":{"rendered":"\n<p>El Comit\u00e9 de Contrato de Auxiliares de Educaci\u00f3n 2023 de la UGEL Condesuyos, en m\u00e9rito a la \u201cNorma<br>que regula disposiciones para la contrataci\u00f3n de Auxiliares de Educaci\u00f3n en Instituciones Educativas de<br>Educaci\u00f3n B\u00e1sica Regular y Educaci\u00f3n B\u00e1sica\u201d, aprobada mediante la Resoluci\u00f3n Viceministerial N\u00b0007-2023- MINEDU, comunica:<\/p>\n\n\n\n<div class=\"wp-block-file\"><object class=\"wp-block-file__embed\" data=\"https:\/\/web.ugelcondesuyos.com\/wp-content\/uploads\/COMUNICADO-001-ADJUDICACION-DE-AUXILIAR-DE-EDUCACION-2023.pdf\" type=\"application\/pdf\" style=\"width:100%;height:600px\" aria-label=\"Incrustado de COMUNICADO-001-ADJUDICACION-DE-AUXILIAR-DE-EDUCACION-2023.\"><\/object><a id=\"wp-block-file--media-6dc88256-db93-46ca-b6e7-daf07d0595a7\" href=\"https:\/\/web.ugelcondesuyos.com\/wp-content\/uploads\/COMUNICADO-001-ADJUDICACION-DE-AUXILIAR-DE-EDUCACION-2023.pdf\">COMUNICADO-001-ADJUDICACION-DE-AUXILIAR-DE-EDUCACION-2023<\/a><a href=\"https:\/\/web.ugelcondesuyos.com\/wp-content\/uploads\/COMUNICADO-001-ADJUDICACION-DE-AUXILIAR-DE-EDUCACION-2023.pdf\" class=\"wp-block-file__button wp-element-button\" download aria-describedby=\"wp-block-file--media-6dc88256-db93-46ca-b6e7-daf07d0595a7\">Descarga<\/a><\/div>\n","protected":false},"excerpt":{"rendered":"<p>El Comit\u00e9 de Contrato de Auxiliares de Educaci\u00f3n 2023 de la UGEL Condesuyos, en m\u00e9rito a la \u201cNormaque regula disposiciones para la contrataci\u00f3n de Auxiliares de Educaci\u00f3n en Instituciones Educativas deEducaci\u00f3n B\u00e1sica Regular y Educaci\u00f3n B\u00e1sica\u201d, aprobada mediante la Resoluci\u00f3n Viceministerial N\u00b0007-2023- MINEDU, comunica:<\/p>\n","protected":false},"author":1,"featured_media":0,"comment_status":"open","ping_status":"open","sticky":false,"template":"","format":"standard","meta":{"footnotes":""},"categories":[13,14],"tags":[],"_links":{"self":[{"href":"https:\/\/web.ugelcondesuyos.com\/index.php?rest_route=\/wp\/v2\/posts\/1635"}],"collection":[{"href":"https:\/\/web.ugelcondesuyos.com\/index.php?rest_route=\/wp\/v2\/posts"}],"about":[{"href":"https:\/\/web.ugelcondesuyos.com\/index.php?rest_route=\/wp\/v2\/types\/post"}],"author":[{"embeddable":true,"href":"https:\/\/web.ugelcondesuyos.com\/index.php?rest_route=\/wp\/v2\/users\/1"}],"replies":[{"embeddable":true,"href":"https:\/\/web.ugelcondesuyos.com\/index.php?rest_route=%2Fwp%2Fv2%2Fcomments&post=1635"}],"version-history":[{"count":0,"href":"https:\/\/web.ugelcondesuyos.com\/index.php?rest_route=\/wp\/v2\/posts\/1635\/revisions"}],"wp:attachment":[{"href":"https:\/\/web.ugelcondesuyos.com\/index.php?rest_route=%2Fwp%2Fv2%2Fmedia&parent=1635"}],"wp:term":[{"taxonomy":"category","embeddable":true,"href":"https:\/\/web.ugelcondesuyos.com\/index.php?rest_route=%2Fwp%2Fv2%2Fcategories&post=1635"},{"taxonomy":"post_tag","embeddable":true,"href":"https:\/\/web.ugelcondesuyos.com\/index.php?rest_route=%2Fwp%2Fv2%2Ftags&post=1635"}],"curies":[{"name":"wp","href":"https:\/\/api.w.org\/{rel}","templated":true}]}}