{"id":1642,"date":"2023-02-16T19:27:29","date_gmt":"2023-02-17T00:27:29","guid":{"rendered":"https:\/\/aqp.ugelcondesuyos.com\/?p=1642"},"modified":"2023-02-16T19:27:29","modified_gmt":"2023-02-17T00:27:29","slug":"comunicado-n-006-2023-ccd","status":"publish","type":"post","link":"https:\/\/web.ugelcondesuyos.com\/?p=1642","title":{"rendered":"COMUNICADO N\u00b0 006 \u2013 2023-CCD"},"content":{"rendered":"\n<p>El Comit\u00e9 de Contrataci\u00f3n Docente 2023 de la UGEL Condesuyos, en m\u00e9rito a la \u201cNorma que regula el procedimiento para las contrataciones de profesores y su renovaci\u00f3n en el marco del contrato de servicio docente en Educaci\u00f3n B\u00e1sica y T\u00e9cnico Productiva, a que hace referencia la Ley N\u00b0 30328, Ley que establece medidas en materia educativa y dicta otras disposiciones\u201d, aprobada mediante el Decreto Supremo N\u00b0001-2023-MINEDU comunica:<\/p>\n\n\n\n<div class=\"wp-block-file\"><object class=\"wp-block-file__embed\" data=\"https:\/\/web.ugelcondesuyos.com\/wp-content\/uploads\/COMUNICADO-006-CONVOCATORIA-CONTRATO-DOCENTES-2023-POR-EVALUACION-DE-EXPEDIENTES2.pdf\" type=\"application\/pdf\" style=\"width:100%;height:600px\" aria-label=\"Incrustado de COMUNICADO-006-CONVOCATORIA-CONTRATO-DOCENTES-2023-POR-EVALUACION-DE-EXPEDIENTES2.\"><\/object><a id=\"wp-block-file--media-e9e1eceb-9c4f-457a-b4c3-322b890c6228\" href=\"https:\/\/web.ugelcondesuyos.com\/wp-content\/uploads\/COMUNICADO-006-CONVOCATORIA-CONTRATO-DOCENTES-2023-POR-EVALUACION-DE-EXPEDIENTES2.pdf\">COMUNICADO-006-CONVOCATORIA-CONTRATO-DOCENTES-2023-POR-EVALUACION-DE-EXPEDIENTES2<\/a><a href=\"https:\/\/web.ugelcondesuyos.com\/wp-content\/uploads\/COMUNICADO-006-CONVOCATORIA-CONTRATO-DOCENTES-2023-POR-EVALUACION-DE-EXPEDIENTES2.pdf\" class=\"wp-block-file__button wp-element-button\" download aria-describedby=\"wp-block-file--media-e9e1eceb-9c4f-457a-b4c3-322b890c6228\">Descarga<\/a><\/div>\n","protected":false},"excerpt":{"rendered":"<p>El Comit\u00e9 de Contrataci\u00f3n Docente 2023 de la UGEL Condesuyos, en m\u00e9rito a la \u201cNorma que regula el procedimiento para las contrataciones de profesores y su renovaci\u00f3n en el marco del contrato de servicio docente en Educaci\u00f3n B\u00e1sica y T\u00e9cnico Productiva, a que hace referencia la Ley N\u00b0 30328, Ley que establece medidas en materia [&hellip;]<\/p>\n","protected":false},"author":1,"featured_media":0,"comment_status":"open","ping_status":"open","sticky":false,"template":"","format":"standard","meta":{"footnotes":""},"categories":[12,13,14,15,16],"tags":[],"_links":{"self":[{"href":"https:\/\/web.ugelcondesuyos.com\/index.php?rest_route=\/wp\/v2\/posts\/1642"}],"collection":[{"href":"https:\/\/web.ugelcondesuyos.com\/index.php?rest_route=\/wp\/v2\/posts"}],"about":[{"href":"https:\/\/web.ugelcondesuyos.com\/index.php?rest_route=\/wp\/v2\/types\/post"}],"author":[{"embeddable":true,"href":"https:\/\/web.ugelcondesuyos.com\/index.php?rest_route=\/wp\/v2\/users\/1"}],"replies":[{"embeddable":true,"href":"https:\/\/web.ugelcondesuyos.com\/index.php?rest_route=%2Fwp%2Fv2%2Fcomments&post=1642"}],"version-history":[{"count":0,"href":"https:\/\/web.ugelcondesuyos.com\/index.php?rest_route=\/wp\/v2\/posts\/1642\/revisions"}],"wp:attachment":[{"href":"https:\/\/web.ugelcondesuyos.com\/index.php?rest_route=%2Fwp%2Fv2%2Fmedia&parent=1642"}],"wp:term":[{"taxonomy":"category","embeddable":true,"href":"https:\/\/web.ugelcondesuyos.com\/index.php?rest_route=%2Fwp%2Fv2%2Fcategories&post=1642"},{"taxonomy":"post_tag","embeddable":true,"href":"https:\/\/web.ugelcondesuyos.com\/index.php?rest_route=%2Fwp%2Fv2%2Ftags&post=1642"}],"curies":[{"name":"wp","href":"https:\/\/api.w.org\/{rel}","templated":true}]}}