{"id":1645,"date":"2023-02-17T09:12:03","date_gmt":"2023-02-17T14:12:03","guid":{"rendered":"https:\/\/aqp.ugelcondesuyos.com\/?p=1645"},"modified":"2023-02-17T09:12:03","modified_gmt":"2023-02-17T14:12:03","slug":"anexo-n-6-proceso-de-contrato-docente-2023","status":"publish","type":"post","link":"https:\/\/web.ugelcondesuyos.com\/?p=1645","title":{"rendered":"ANEXO N\u00b0 6 &#8211; PROCESO DE CONTRATO DOCENTE 2023"},"content":{"rendered":"\n<p>Formaci\u00f3n acad\u00e9mica por cargo, modalidad educativa, nivel o ciclo y \u00e1rea curricular o campo de conocimiento para la etapa de contrataci\u00f3n directa, por evaluaci\u00f3n de expedientes y por situaciones diferenciadas; y orden de prelaci\u00f3n para adjudicar en los siguientes niveles educativos, \u00e1reas curriculares y campos de conocimiento.<\/p>\n\n\n\n<div class=\"wp-block-file\"><object class=\"wp-block-file__embed\" data=\"https:\/\/web.ugelcondesuyos.com\/wp-content\/uploads\/ANEXO-6-A-1.pdf\" type=\"application\/pdf\" style=\"width:100%;height:600px\" aria-label=\"Incrustado de ANEXO-6-A-1.\"><\/object><a id=\"wp-block-file--media-cd7df812-6f7a-4d1d-8e91-cdb85322b46c\" href=\"https:\/\/web.ugelcondesuyos.com\/wp-content\/uploads\/ANEXO-6-A-1.pdf\">ANEXO-6-A-1<\/a><a href=\"https:\/\/web.ugelcondesuyos.com\/wp-content\/uploads\/ANEXO-6-A-1.pdf\" class=\"wp-block-file__button wp-element-button\" download aria-describedby=\"wp-block-file--media-cd7df812-6f7a-4d1d-8e91-cdb85322b46c\">Descarga<\/a><\/div>\n","protected":false},"excerpt":{"rendered":"<p>Formaci\u00f3n acad\u00e9mica por cargo, modalidad educativa, nivel o ciclo y \u00e1rea curricular o campo de conocimiento para la etapa de contrataci\u00f3n directa, por evaluaci\u00f3n de expedientes y por situaciones diferenciadas; y orden de prelaci\u00f3n para adjudicar en los siguientes niveles educativos, \u00e1reas curriculares y campos de conocimiento.<\/p>\n","protected":false},"author":1,"featured_media":0,"comment_status":"open","ping_status":"open","sticky":false,"template":"","format":"standard","meta":{"footnotes":""},"categories":[13,14,16],"tags":[],"_links":{"self":[{"href":"https:\/\/web.ugelcondesuyos.com\/index.php?rest_route=\/wp\/v2\/posts\/1645"}],"collection":[{"href":"https:\/\/web.ugelcondesuyos.com\/index.php?rest_route=\/wp\/v2\/posts"}],"about":[{"href":"https:\/\/web.ugelcondesuyos.com\/index.php?rest_route=\/wp\/v2\/types\/post"}],"author":[{"embeddable":true,"href":"https:\/\/web.ugelcondesuyos.com\/index.php?rest_route=\/wp\/v2\/users\/1"}],"replies":[{"embeddable":true,"href":"https:\/\/web.ugelcondesuyos.com\/index.php?rest_route=%2Fwp%2Fv2%2Fcomments&post=1645"}],"version-history":[{"count":0,"href":"https:\/\/web.ugelcondesuyos.com\/index.php?rest_route=\/wp\/v2\/posts\/1645\/revisions"}],"wp:attachment":[{"href":"https:\/\/web.ugelcondesuyos.com\/index.php?rest_route=%2Fwp%2Fv2%2Fmedia&parent=1645"}],"wp:term":[{"taxonomy":"category","embeddable":true,"href":"https:\/\/web.ugelcondesuyos.com\/index.php?rest_route=%2Fwp%2Fv2%2Fcategories&post=1645"},{"taxonomy":"post_tag","embeddable":true,"href":"https:\/\/web.ugelcondesuyos.com\/index.php?rest_route=%2Fwp%2Fv2%2Ftags&post=1645"}],"curies":[{"name":"wp","href":"https:\/\/api.w.org\/{rel}","templated":true}]}}