{"id":1658,"date":"2023-02-20T16:00:17","date_gmt":"2023-02-20T21:00:17","guid":{"rendered":"https:\/\/aqp.ugelcondesuyos.com\/?p=1658"},"modified":"2023-02-20T16:00:17","modified_gmt":"2023-02-20T21:00:17","slug":"comunicado-n-007-2023-ccd","status":"publish","type":"post","link":"https:\/\/web.ugelcondesuyos.com\/?p=1658","title":{"rendered":"COMUNICADO N\u00b0 007-2023-CCD"},"content":{"rendered":"\n<p>El comite de contrataci\u00f3n Docente 2023 de la UGEL Condesuyos, en m\u00e9rito a la \u00abNorma que regula el procedimiento para las contrataciones de profesores y su renovaci\u00f3n en el marco del contrato de servicio docente en Educaci\u00f3n Basica y T\u00e9cnico productiva, a que hace referencia la Ley N\u00b0 30328, Ley que establece medidas en materia educativa y dicta otras disposiciones\u00bb, aprobada mediante el Decreto Supremo N\u00b0 001-2023-MINEDU, comunica<\/p>\n\n\n\n<div class=\"wp-block-file\"><object class=\"wp-block-file__embed\" data=\"https:\/\/web.ugelcondesuyos.com\/wp-content\/uploads\/COMUNICADO-007-CONVOCATORIA-PLAZA-VACANTE-COORDINADOR-DE-PRONOEI..pdf\" type=\"application\/pdf\" style=\"width:100%;height:600px\" aria-label=\"Incrustado de COMUNICADO-007-CONVOCATORIA-PLAZA-VACANTE-COORDINADOR-DE-PRONOEI..\"><\/object><a id=\"wp-block-file--media-8e485684-337f-4fca-a344-21e5af4caab3\" href=\"https:\/\/web.ugelcondesuyos.com\/wp-content\/uploads\/COMUNICADO-007-CONVOCATORIA-PLAZA-VACANTE-COORDINADOR-DE-PRONOEI..pdf\">COMUNICADO-007-CONVOCATORIA-PLAZA-VACANTE-COORDINADOR-DE-PRONOEI.<\/a><a href=\"https:\/\/web.ugelcondesuyos.com\/wp-content\/uploads\/COMUNICADO-007-CONVOCATORIA-PLAZA-VACANTE-COORDINADOR-DE-PRONOEI..pdf\" class=\"wp-block-file__button wp-element-button\" download aria-describedby=\"wp-block-file--media-8e485684-337f-4fca-a344-21e5af4caab3\">Descarga<\/a><\/div>\n","protected":false},"excerpt":{"rendered":"<p>El comite de contrataci\u00f3n Docente 2023 de la UGEL Condesuyos, en m\u00e9rito a la \u00abNorma que regula el procedimiento para las contrataciones de profesores y su renovaci\u00f3n en el marco del contrato de servicio docente en Educaci\u00f3n Basica y T\u00e9cnico productiva, a que hace referencia la Ley N\u00b0 30328, Ley que establece medidas en materia [&hellip;]<\/p>\n","protected":false},"author":1,"featured_media":0,"comment_status":"open","ping_status":"open","sticky":false,"template":"","format":"standard","meta":{"footnotes":""},"categories":[13,14],"tags":[],"_links":{"self":[{"href":"https:\/\/web.ugelcondesuyos.com\/index.php?rest_route=\/wp\/v2\/posts\/1658"}],"collection":[{"href":"https:\/\/web.ugelcondesuyos.com\/index.php?rest_route=\/wp\/v2\/posts"}],"about":[{"href":"https:\/\/web.ugelcondesuyos.com\/index.php?rest_route=\/wp\/v2\/types\/post"}],"author":[{"embeddable":true,"href":"https:\/\/web.ugelcondesuyos.com\/index.php?rest_route=\/wp\/v2\/users\/1"}],"replies":[{"embeddable":true,"href":"https:\/\/web.ugelcondesuyos.com\/index.php?rest_route=%2Fwp%2Fv2%2Fcomments&post=1658"}],"version-history":[{"count":0,"href":"https:\/\/web.ugelcondesuyos.com\/index.php?rest_route=\/wp\/v2\/posts\/1658\/revisions"}],"wp:attachment":[{"href":"https:\/\/web.ugelcondesuyos.com\/index.php?rest_route=%2Fwp%2Fv2%2Fmedia&parent=1658"}],"wp:term":[{"taxonomy":"category","embeddable":true,"href":"https:\/\/web.ugelcondesuyos.com\/index.php?rest_route=%2Fwp%2Fv2%2Fcategories&post=1658"},{"taxonomy":"post_tag","embeddable":true,"href":"https:\/\/web.ugelcondesuyos.com\/index.php?rest_route=%2Fwp%2Fv2%2Ftags&post=1658"}],"curies":[{"name":"wp","href":"https:\/\/api.w.org\/{rel}","templated":true}]}}