{"id":1705,"date":"2023-03-01T18:55:05","date_gmt":"2023-03-01T23:55:05","guid":{"rendered":"https:\/\/aqp.ugelcondesuyos.com\/?p=1705"},"modified":"2023-03-01T18:55:05","modified_gmt":"2023-03-01T23:55:05","slug":"comunicado-n008-2023-ccd","status":"publish","type":"post","link":"https:\/\/web.ugelcondesuyos.com\/?p=1705","title":{"rendered":"COMUNICADO N\u00b0008-2023-CCD"},"content":{"rendered":"\n<p>Que al no encontrarse el qu\u00f3rum se\u00f1alado en Articulo 5, sub numeral 5.10 del decreto supremo 001-2023-MINEDU, es que se procede a reprogramar las fechas del proceso de Absoluci\u00f3n de reclamo, publicaci\u00f3n final del cuadro de m\u00e9ritos y la Adjudicaci\u00f3n de plazas vacantes del proceso de contrato docente 2023 por la modalidad de Evaluaci\u00f3n de expedientes, seg\u00fan se detalla en el siguiente cronograma:<\/p>\n\n\n\n<div class=\"wp-block-file\"><object class=\"wp-block-file__embed\" data=\"https:\/\/web.ugelcondesuyos.com\/wp-content\/uploads\/COMUNICADO-N\u00b0008-CCD-1.pdf\" type=\"application\/pdf\" style=\"width:100%;height:600px\" aria-label=\"Incrustado de COMUNICADO-N\u00b0008-CCD-1.\"><\/object><a id=\"wp-block-file--media-710669aa-65b7-4a45-8b09-d70e60e4850d\" href=\"https:\/\/web.ugelcondesuyos.com\/wp-content\/uploads\/COMUNICADO-N\u00b0008-CCD-1.pdf\">COMUNICADO-N\u00b0008-CCD-1<\/a><a href=\"https:\/\/web.ugelcondesuyos.com\/wp-content\/uploads\/COMUNICADO-N\u00b0008-CCD-1.pdf\" class=\"wp-block-file__button wp-element-button\" download aria-describedby=\"wp-block-file--media-710669aa-65b7-4a45-8b09-d70e60e4850d\">Descarga<\/a><\/div>\n","protected":false},"excerpt":{"rendered":"<p>Que al no encontrarse el qu\u00f3rum se\u00f1alado en Articulo 5, sub numeral 5.10 del decreto supremo 001-2023-MINEDU, es que se procede a reprogramar las fechas del proceso de Absoluci\u00f3n de reclamo, publicaci\u00f3n final del cuadro de m\u00e9ritos y la Adjudicaci\u00f3n de plazas vacantes del proceso de contrato docente 2023 por la modalidad de Evaluaci\u00f3n de [&hellip;]<\/p>\n","protected":false},"author":1,"featured_media":0,"comment_status":"open","ping_status":"open","sticky":false,"template":"","format":"standard","meta":{"footnotes":""},"categories":[13,14],"tags":[],"_links":{"self":[{"href":"https:\/\/web.ugelcondesuyos.com\/index.php?rest_route=\/wp\/v2\/posts\/1705"}],"collection":[{"href":"https:\/\/web.ugelcondesuyos.com\/index.php?rest_route=\/wp\/v2\/posts"}],"about":[{"href":"https:\/\/web.ugelcondesuyos.com\/index.php?rest_route=\/wp\/v2\/types\/post"}],"author":[{"embeddable":true,"href":"https:\/\/web.ugelcondesuyos.com\/index.php?rest_route=\/wp\/v2\/users\/1"}],"replies":[{"embeddable":true,"href":"https:\/\/web.ugelcondesuyos.com\/index.php?rest_route=%2Fwp%2Fv2%2Fcomments&post=1705"}],"version-history":[{"count":0,"href":"https:\/\/web.ugelcondesuyos.com\/index.php?rest_route=\/wp\/v2\/posts\/1705\/revisions"}],"wp:attachment":[{"href":"https:\/\/web.ugelcondesuyos.com\/index.php?rest_route=%2Fwp%2Fv2%2Fmedia&parent=1705"}],"wp:term":[{"taxonomy":"category","embeddable":true,"href":"https:\/\/web.ugelcondesuyos.com\/index.php?rest_route=%2Fwp%2Fv2%2Fcategories&post=1705"},{"taxonomy":"post_tag","embeddable":true,"href":"https:\/\/web.ugelcondesuyos.com\/index.php?rest_route=%2Fwp%2Fv2%2Ftags&post=1705"}],"curies":[{"name":"wp","href":"https:\/\/api.w.org\/{rel}","templated":true}]}}