{"id":1734,"date":"2023-03-07T18:34:03","date_gmt":"2023-03-07T23:34:03","guid":{"rendered":"https:\/\/aqp.ugelcondesuyos.com\/?p=1734"},"modified":"2023-03-07T18:34:03","modified_gmt":"2023-03-07T23:34:03","slug":"comunicado-n-10-2023-ccd","status":"publish","type":"post","link":"https:\/\/web.ugelcondesuyos.com\/?p=1734","title":{"rendered":"COMUNICADO N\u00b0 10&#8211;2023-CCD"},"content":{"rendered":"\n<p>El Comit\u00e9 de Contrataci\u00f3n Docente 2023 de la UGEL Condesuyos, en m\u00e9rito a la \u201cNorma que regula<br>el procedimiento para las contrataciones de profesores y su renovaci\u00f3n en el marco del contrato de<br>servicio docente en Educaci\u00f3n B\u00e1sica y T\u00e9cnico Productiva, a que hace referencia la Ley N\u00b0 30328,<br>Ley que establece medidas en materia educativa y dicta otras disposiciones\u201d, aprobada mediante el<br>Decreto Supremo N\u00b0001-2023-MINEDU comunica:<\/p>\n\n\n\n<div class=\"wp-block-file\"><object class=\"wp-block-file__embed\" data=\"https:\/\/web.ugelcondesuyos.com\/wp-content\/uploads\/COMUNICADO-10-CON-PLAZAS-VACANTES-PARA-ADJUDICAR-1.pdf\" type=\"application\/pdf\" style=\"width:100%;height:600px\" aria-label=\"Incrustado de COMUNICADO-10-CON-PLAZAS-VACANTES-PARA-ADJUDICAR-1.\"><\/object><a id=\"wp-block-file--media-de91ed29-44ec-4b64-bd95-3f8f21449deb\" href=\"https:\/\/web.ugelcondesuyos.com\/wp-content\/uploads\/COMUNICADO-10-CON-PLAZAS-VACANTES-PARA-ADJUDICAR-1.pdf\">COMUNICADO-10-CON-PLAZAS-VACANTES-PARA-ADJUDICAR-1<\/a><a href=\"https:\/\/web.ugelcondesuyos.com\/wp-content\/uploads\/COMUNICADO-10-CON-PLAZAS-VACANTES-PARA-ADJUDICAR-1.pdf\" class=\"wp-block-file__button wp-element-button\" download aria-describedby=\"wp-block-file--media-de91ed29-44ec-4b64-bd95-3f8f21449deb\">Descarga<\/a><\/div>\n","protected":false},"excerpt":{"rendered":"<p>El Comit\u00e9 de Contrataci\u00f3n Docente 2023 de la UGEL Condesuyos, en m\u00e9rito a la \u201cNorma que regulael procedimiento para las contrataciones de profesores y su renovaci\u00f3n en el marco del contrato deservicio docente en Educaci\u00f3n B\u00e1sica y T\u00e9cnico Productiva, a que hace referencia la Ley N\u00b0 30328,Ley que establece medidas en materia educativa y dicta [&hellip;]<\/p>\n","protected":false},"author":1,"featured_media":0,"comment_status":"open","ping_status":"open","sticky":false,"template":"","format":"standard","meta":{"footnotes":""},"categories":[13,14],"tags":[],"_links":{"self":[{"href":"https:\/\/web.ugelcondesuyos.com\/index.php?rest_route=\/wp\/v2\/posts\/1734"}],"collection":[{"href":"https:\/\/web.ugelcondesuyos.com\/index.php?rest_route=\/wp\/v2\/posts"}],"about":[{"href":"https:\/\/web.ugelcondesuyos.com\/index.php?rest_route=\/wp\/v2\/types\/post"}],"author":[{"embeddable":true,"href":"https:\/\/web.ugelcondesuyos.com\/index.php?rest_route=\/wp\/v2\/users\/1"}],"replies":[{"embeddable":true,"href":"https:\/\/web.ugelcondesuyos.com\/index.php?rest_route=%2Fwp%2Fv2%2Fcomments&post=1734"}],"version-history":[{"count":0,"href":"https:\/\/web.ugelcondesuyos.com\/index.php?rest_route=\/wp\/v2\/posts\/1734\/revisions"}],"wp:attachment":[{"href":"https:\/\/web.ugelcondesuyos.com\/index.php?rest_route=%2Fwp%2Fv2%2Fmedia&parent=1734"}],"wp:term":[{"taxonomy":"category","embeddable":true,"href":"https:\/\/web.ugelcondesuyos.com\/index.php?rest_route=%2Fwp%2Fv2%2Fcategories&post=1734"},{"taxonomy":"post_tag","embeddable":true,"href":"https:\/\/web.ugelcondesuyos.com\/index.php?rest_route=%2Fwp%2Fv2%2Ftags&post=1734"}],"curies":[{"name":"wp","href":"https:\/\/api.w.org\/{rel}","templated":true}]}}