{"id":5596,"date":"2023-04-26T00:20:00","date_gmt":"2023-04-26T05:20:00","guid":{"rendered":"https:\/\/web.ugelcondesuyos.com\/?p=5596"},"modified":"2023-04-26T19:15:59","modified_gmt":"2023-04-27T00:15:59","slug":"comunicado-n007-2023-gra-grea-ugelcon-agp","status":"publish","type":"post","link":"https:\/\/web.ugelcondesuyos.com\/?p=5596","title":{"rendered":"COMUNICADO N\u00b0007-2023-GRA-GREA-UGELCON-AGP"},"content":{"rendered":"\n<p>Se comunica a los profesores que participan en la etapa Descentralizada del Concurso de ingreso a la Carrera P\u00fablica Magisterial, que cada comit\u00e9 de evaluaci\u00f3n elabora su cronograma para el desarrollo de actividades.<br>Por consiguiente, recomendamos a los postulantes ponerse en contacto con el presidente del comit\u00e9 que tendr\u00e1 a cargo su evaluaci\u00f3n.<\/p>\n\n\n\n<figure class=\"wp-block-image size-large\"><img decoding=\"async\" loading=\"lazy\" width=\"724\" height=\"1024\" src=\"https:\/\/web.ugelcondesuyos.com\/wp-content\/uploads\/COMUNICADO-007_page-0001-724x1024.jpg\" alt=\"\" class=\"wp-image-5597\" srcset=\"https:\/\/web.ugelcondesuyos.com\/wp-content\/uploads\/COMUNICADO-007_page-0001-724x1024.jpg 724w, https:\/\/web.ugelcondesuyos.com\/wp-content\/uploads\/COMUNICADO-007_page-0001-212x300.jpg 212w, https:\/\/web.ugelcondesuyos.com\/wp-content\/uploads\/COMUNICADO-007_page-0001-768x1086.jpg 768w, https:\/\/web.ugelcondesuyos.com\/wp-content\/uploads\/COMUNICADO-007_page-0001-1086x1536.jpg 1086w, https:\/\/web.ugelcondesuyos.com\/wp-content\/uploads\/COMUNICADO-007_page-0001-1024x1448.jpg 1024w, https:\/\/web.ugelcondesuyos.com\/wp-content\/uploads\/COMUNICADO-007_page-0001.jpg 1241w\" sizes=\"(max-width: 724px) 100vw, 724px\" \/><\/figure>\n","protected":false},"excerpt":{"rendered":"<p>Se comunica a los profesores que participan en la etapa Descentralizada del Concurso de ingreso a la Carrera P\u00fablica Magisterial, que cada comit\u00e9 de evaluaci\u00f3n elabora su cronograma para el desarrollo de actividades.Por consiguiente, recomendamos a los postulantes ponerse en contacto con el presidente del comit\u00e9 que tendr\u00e1 a cargo su evaluaci\u00f3n.<\/p>\n","protected":false},"author":1,"featured_media":0,"comment_status":"open","ping_status":"open","sticky":false,"template":"","format":"standard","meta":{"footnotes":""},"categories":[13,16],"tags":[],"_links":{"self":[{"href":"https:\/\/web.ugelcondesuyos.com\/index.php?rest_route=\/wp\/v2\/posts\/5596"}],"collection":[{"href":"https:\/\/web.ugelcondesuyos.com\/index.php?rest_route=\/wp\/v2\/posts"}],"about":[{"href":"https:\/\/web.ugelcondesuyos.com\/index.php?rest_route=\/wp\/v2\/types\/post"}],"author":[{"embeddable":true,"href":"https:\/\/web.ugelcondesuyos.com\/index.php?rest_route=\/wp\/v2\/users\/1"}],"replies":[{"embeddable":true,"href":"https:\/\/web.ugelcondesuyos.com\/index.php?rest_route=%2Fwp%2Fv2%2Fcomments&post=5596"}],"version-history":[{"count":1,"href":"https:\/\/web.ugelcondesuyos.com\/index.php?rest_route=\/wp\/v2\/posts\/5596\/revisions"}],"predecessor-version":[{"id":5598,"href":"https:\/\/web.ugelcondesuyos.com\/index.php?rest_route=\/wp\/v2\/posts\/5596\/revisions\/5598"}],"wp:attachment":[{"href":"https:\/\/web.ugelcondesuyos.com\/index.php?rest_route=%2Fwp%2Fv2%2Fmedia&parent=5596"}],"wp:term":[{"taxonomy":"category","embeddable":true,"href":"https:\/\/web.ugelcondesuyos.com\/index.php?rest_route=%2Fwp%2Fv2%2Fcategories&post=5596"},{"taxonomy":"post_tag","embeddable":true,"href":"https:\/\/web.ugelcondesuyos.com\/index.php?rest_route=%2Fwp%2Fv2%2Ftags&post=5596"}],"curies":[{"name":"wp","href":"https:\/\/api.w.org\/{rel}","templated":true}]}}