{"id":604,"date":"2022-10-17T16:04:07","date_gmt":"2022-10-17T21:04:07","guid":{"rendered":"https:\/\/aqp.ugelcondesuyos.com\/?p=604"},"modified":"2022-10-17T16:04:07","modified_gmt":"2022-10-17T21:04:07","slug":"dia-nacional-de-la-persona-con-discapacidad","status":"publish","type":"post","link":"https:\/\/web.ugelcondesuyos.com\/?p=604","title":{"rendered":"D\u00cdA NACIONAL DE LA PERSONA CON DISCAPACIDAD"},"content":{"rendered":"\n<p>El Director de la UGEL Mag. Narciso Ramirez Apaza y especialista de Educaci\u00f3n Inicial encargada de EBE saludan a todos los ni\u00f1os y ni\u00f1as con Necesidades Educativas Especiales de nuestra jurisdicci\u00f3n en el d\u00eda Nacional de.la Persona con Discapacidad<\/p>\n\n\n\n<figure class=\"wp-block-video\"><video controls src=\"https:\/\/web.ugelcondesuyos.com\/wp-content\/uploads\/WhatsApp-Video-2022-10-16-at-8.45.45-AM.mp4\"><\/video><\/figure>\n\n\n\n<figure class=\"wp-block-video\"><video controls src=\"https:\/\/web.ugelcondesuyos.com\/wp-content\/uploads\/WhatsApp-Video-2022-10-16-at-8.45.53-AM.mp4\"><\/video><\/figure>\n","protected":false},"excerpt":{"rendered":"<p>El Director de la UGEL Mag. Narciso Ramirez Apaza y especialista de Educaci\u00f3n Inicial encargada de EBE saludan a todos los ni\u00f1os y ni\u00f1as con Necesidades Educativas Especiales de nuestra jurisdicci\u00f3n en el d\u00eda Nacional de.la Persona con Discapacidad<\/p>\n","protected":false},"author":1,"featured_media":0,"comment_status":"open","ping_status":"open","sticky":false,"template":"","format":"standard","meta":{"footnotes":""},"categories":[1],"tags":[],"_links":{"self":[{"href":"https:\/\/web.ugelcondesuyos.com\/index.php?rest_route=\/wp\/v2\/posts\/604"}],"collection":[{"href":"https:\/\/web.ugelcondesuyos.com\/index.php?rest_route=\/wp\/v2\/posts"}],"about":[{"href":"https:\/\/web.ugelcondesuyos.com\/index.php?rest_route=\/wp\/v2\/types\/post"}],"author":[{"embeddable":true,"href":"https:\/\/web.ugelcondesuyos.com\/index.php?rest_route=\/wp\/v2\/users\/1"}],"replies":[{"embeddable":true,"href":"https:\/\/web.ugelcondesuyos.com\/index.php?rest_route=%2Fwp%2Fv2%2Fcomments&post=604"}],"version-history":[{"count":0,"href":"https:\/\/web.ugelcondesuyos.com\/index.php?rest_route=\/wp\/v2\/posts\/604\/revisions"}],"wp:attachment":[{"href":"https:\/\/web.ugelcondesuyos.com\/index.php?rest_route=%2Fwp%2Fv2%2Fmedia&parent=604"}],"wp:term":[{"taxonomy":"category","embeddable":true,"href":"https:\/\/web.ugelcondesuyos.com\/index.php?rest_route=%2Fwp%2Fv2%2Fcategories&post=604"},{"taxonomy":"post_tag","embeddable":true,"href":"https:\/\/web.ugelcondesuyos.com\/index.php?rest_route=%2Fwp%2Fv2%2Ftags&post=604"}],"curies":[{"name":"wp","href":"https:\/\/api.w.org\/{rel}","templated":true}]}}