{"id":6130,"date":"2023-08-18T10:29:55","date_gmt":"2023-08-18T15:29:55","guid":{"rendered":"https:\/\/web.ugelcondesuyos.com\/?p=6130"},"modified":"2023-08-18T10:29:56","modified_gmt":"2023-08-18T15:29:56","slug":"inscribete-en-la-capacitacion-fortalecimiento-de-las-habilidades-docentes-para-la-ensenanza-de-la-tutoria-y-mejora-de-la-convivencia-escolar-en-el-ambito-de-la-ugel-condesuyos","status":"publish","type":"post","link":"https:\/\/web.ugelcondesuyos.com\/?p=6130","title":{"rendered":"Inscr\u00edbete en la capacitaci\u00f3n: \u201cFortalecimiento de las habilidades docentes para la ense\u00f1anza de la tutor\u00eda y mejora de la convivencia escolar en el \u00e1mbito de la UGEL Condesuyos\u201d"},"content":{"rendered":"\n<p>\u00a1Atenci\u00f3n maestra(o)! Inscr\u00edbete en la capacitaci\u00f3n: \u201cFortalecimiento de las habilidades docentes para la ense\u00f1anza de la tutor\u00eda y mejora de la convivencia escolar en el \u00e1mbito de la UGEL Condesuyos\u201d Iniciamos el 21 de agosto en la modalidad virtual. Inscripciones en siguiente enlace: <a href=\"https:\/\/forms.gle\/c6k2EA7EW3svUZ797\">https:\/\/forms.gle\/c6k2EA7EW3svUZ797<\/a><br>Con certificaci\u00f3n oficial<\/p>\n\n\n\n<figure class=\"wp-block-image size-large\"><img decoding=\"async\" loading=\"lazy\" width=\"1024\" height=\"575\" src=\"https:\/\/web.ugelcondesuyos.com\/wp-content\/uploads\/WhatsApp-Image-2023-08-17-at-2.37.09-PM-1024x575.jpeg\" alt=\"\" class=\"wp-image-6131\" srcset=\"https:\/\/web.ugelcondesuyos.com\/wp-content\/uploads\/WhatsApp-Image-2023-08-17-at-2.37.09-PM-1024x575.jpeg 1024w, https:\/\/web.ugelcondesuyos.com\/wp-content\/uploads\/WhatsApp-Image-2023-08-17-at-2.37.09-PM-300x169.jpeg 300w, https:\/\/web.ugelcondesuyos.com\/wp-content\/uploads\/WhatsApp-Image-2023-08-17-at-2.37.09-PM-768x432.jpeg 768w, https:\/\/web.ugelcondesuyos.com\/wp-content\/uploads\/WhatsApp-Image-2023-08-17-at-2.37.09-PM-1536x863.jpeg 1536w, https:\/\/web.ugelcondesuyos.com\/wp-content\/uploads\/WhatsApp-Image-2023-08-17-at-2.37.09-PM-1280x720.jpeg 1280w, https:\/\/web.ugelcondesuyos.com\/wp-content\/uploads\/WhatsApp-Image-2023-08-17-at-2.37.09-PM.jpeg 1600w\" sizes=\"(max-width: 1024px) 100vw, 1024px\" \/><\/figure>\n","protected":false},"excerpt":{"rendered":"<p>\u00a1Atenci\u00f3n maestra(o)! Inscr\u00edbete en la capacitaci\u00f3n: \u201cFortalecimiento de las habilidades docentes para la ense\u00f1anza de la tutor\u00eda y mejora de la convivencia escolar en el \u00e1mbito de la UGEL Condesuyos\u201d Iniciamos el 21 de agosto en la modalidad virtual. Inscripciones en siguiente enlace: https:\/\/forms.gle\/c6k2EA7EW3svUZ797Con certificaci\u00f3n oficial<\/p>\n","protected":false},"author":1,"featured_media":0,"comment_status":"open","ping_status":"open","sticky":false,"template":"","format":"standard","meta":{"footnotes":""},"categories":[13,16],"tags":[],"_links":{"self":[{"href":"https:\/\/web.ugelcondesuyos.com\/index.php?rest_route=\/wp\/v2\/posts\/6130"}],"collection":[{"href":"https:\/\/web.ugelcondesuyos.com\/index.php?rest_route=\/wp\/v2\/posts"}],"about":[{"href":"https:\/\/web.ugelcondesuyos.com\/index.php?rest_route=\/wp\/v2\/types\/post"}],"author":[{"embeddable":true,"href":"https:\/\/web.ugelcondesuyos.com\/index.php?rest_route=\/wp\/v2\/users\/1"}],"replies":[{"embeddable":true,"href":"https:\/\/web.ugelcondesuyos.com\/index.php?rest_route=%2Fwp%2Fv2%2Fcomments&post=6130"}],"version-history":[{"count":1,"href":"https:\/\/web.ugelcondesuyos.com\/index.php?rest_route=\/wp\/v2\/posts\/6130\/revisions"}],"predecessor-version":[{"id":6132,"href":"https:\/\/web.ugelcondesuyos.com\/index.php?rest_route=\/wp\/v2\/posts\/6130\/revisions\/6132"}],"wp:attachment":[{"href":"https:\/\/web.ugelcondesuyos.com\/index.php?rest_route=%2Fwp%2Fv2%2Fmedia&parent=6130"}],"wp:term":[{"taxonomy":"category","embeddable":true,"href":"https:\/\/web.ugelcondesuyos.com\/index.php?rest_route=%2Fwp%2Fv2%2Fcategories&post=6130"},{"taxonomy":"post_tag","embeddable":true,"href":"https:\/\/web.ugelcondesuyos.com\/index.php?rest_route=%2Fwp%2Fv2%2Ftags&post=6130"}],"curies":[{"name":"wp","href":"https:\/\/api.w.org\/{rel}","templated":true}]}}