{"id":6429,"date":"2023-10-06T13:42:22","date_gmt":"2023-10-06T18:42:22","guid":{"rendered":"https:\/\/web.ugelcondesuyos.com\/?p=6429"},"modified":"2023-10-06T13:42:24","modified_gmt":"2023-10-06T18:42:24","slug":"comunicado-n015-2023-gra-grea-ugelcond","status":"publish","type":"post","link":"https:\/\/web.ugelcondesuyos.com\/?p=6429","title":{"rendered":"COMUNICADO N\u00b0015-2023-GRA-GREA-UGELCOND"},"content":{"rendered":"\n<p>SE COMUNICA A LOS DIRECTORES Y DOCENTES INSCRITOS EN EL CURSO \u00bb FUNDAMENTOS DE LA GESTI\u00d3N INTEGRAL DEL RIESGO, EMERGENCIAS Y DESASTRES Y ADAPTACI\u00d3N AL CAMBIO CLIM\u00c1TICO\u00bb QUE LA GREA VIENE IMPLEMENTANDO EN LA PLATAFORMA, PARA DAR INICIO LA PROXIMA SEMANA EL CURSO PARA FUNCIONARIOS DE LA UGEL, DIRECTORES Y DOCENTES DE LAS II.EE PRIORIZADAS POR PP068 UGEL CONDESUYOS 2023, ESTAREMOS COMUNICANDO EL LANZAMIENTO DEL MISMO PARA QUE PUEDAN PARTICIPAR, ESPERAMOS SU COMPRENSION<\/p>\n\n\n\n<div class=\"wp-block-file\"><object class=\"wp-block-file__embed\" data=\"https:\/\/web.ugelcondesuyos.com\/wp-content\/uploads\/COMUNICADO-15-CURSO-GRD.pdf\" type=\"application\/pdf\" style=\"width:100%;height:600px\" aria-label=\"Incrustado de COMUNICADO-15-CURSO-GRD.\"><\/object><a id=\"wp-block-file--media-e70b71ce-752c-4cbc-8d23-31a07ca8df91\" href=\"https:\/\/web.ugelcondesuyos.com\/wp-content\/uploads\/COMUNICADO-15-CURSO-GRD.pdf\">COMUNICADO-15-CURSO-GRD<\/a><a href=\"https:\/\/web.ugelcondesuyos.com\/wp-content\/uploads\/COMUNICADO-15-CURSO-GRD.pdf\" class=\"wp-block-file__button wp-element-button\" download aria-describedby=\"wp-block-file--media-e70b71ce-752c-4cbc-8d23-31a07ca8df91\">Descarga<\/a><\/div>\n","protected":false},"excerpt":{"rendered":"<p>SE COMUNICA A LOS DIRECTORES Y DOCENTES INSCRITOS EN EL CURSO \u00bb FUNDAMENTOS DE LA GESTI\u00d3N INTEGRAL DEL RIESGO, EMERGENCIAS Y DESASTRES Y ADAPTACI\u00d3N AL CAMBIO CLIM\u00c1TICO\u00bb QUE LA GREA VIENE IMPLEMENTANDO EN LA PLATAFORMA, PARA DAR INICIO LA PROXIMA SEMANA EL CURSO PARA FUNCIONARIOS DE LA UGEL, DIRECTORES Y DOCENTES DE LAS II.EE PRIORIZADAS [&hellip;]<\/p>\n","protected":false},"author":1,"featured_media":0,"comment_status":"open","ping_status":"open","sticky":false,"template":"","format":"standard","meta":{"footnotes":""},"categories":[13,16],"tags":[],"_links":{"self":[{"href":"https:\/\/web.ugelcondesuyos.com\/index.php?rest_route=\/wp\/v2\/posts\/6429"}],"collection":[{"href":"https:\/\/web.ugelcondesuyos.com\/index.php?rest_route=\/wp\/v2\/posts"}],"about":[{"href":"https:\/\/web.ugelcondesuyos.com\/index.php?rest_route=\/wp\/v2\/types\/post"}],"author":[{"embeddable":true,"href":"https:\/\/web.ugelcondesuyos.com\/index.php?rest_route=\/wp\/v2\/users\/1"}],"replies":[{"embeddable":true,"href":"https:\/\/web.ugelcondesuyos.com\/index.php?rest_route=%2Fwp%2Fv2%2Fcomments&post=6429"}],"version-history":[{"count":1,"href":"https:\/\/web.ugelcondesuyos.com\/index.php?rest_route=\/wp\/v2\/posts\/6429\/revisions"}],"predecessor-version":[{"id":6432,"href":"https:\/\/web.ugelcondesuyos.com\/index.php?rest_route=\/wp\/v2\/posts\/6429\/revisions\/6432"}],"wp:attachment":[{"href":"https:\/\/web.ugelcondesuyos.com\/index.php?rest_route=%2Fwp%2Fv2%2Fmedia&parent=6429"}],"wp:term":[{"taxonomy":"category","embeddable":true,"href":"https:\/\/web.ugelcondesuyos.com\/index.php?rest_route=%2Fwp%2Fv2%2Fcategories&post=6429"},{"taxonomy":"post_tag","embeddable":true,"href":"https:\/\/web.ugelcondesuyos.com\/index.php?rest_route=%2Fwp%2Fv2%2Ftags&post=6429"}],"curies":[{"name":"wp","href":"https:\/\/api.w.org\/{rel}","templated":true}]}}