{"id":648,"date":"2022-10-24T17:29:45","date_gmt":"2022-10-24T22:29:45","guid":{"rendered":"https:\/\/aqp.ugelcondesuyos.com\/?p=648"},"modified":"2022-10-24T17:29:45","modified_gmt":"2022-10-24T22:29:45","slug":"comunicado-n-001-2022-gra-grea-ugelcon-dir-ejlll","status":"publish","type":"post","link":"https:\/\/web.ugelcondesuyos.com\/?p=648","title":{"rendered":"COMUNICADO N\u00b0 001-2022-GRA-GREA-UGELCON-DIR\/EJLLL"},"content":{"rendered":"\n<p>Comunica a los docentes nombrados presentar sus propuestas en f\u00edsico o virtual por mesa de partes de la UGEL para la conformaci\u00f3n del Comit\u00e9 Electoral, a fin de elegir al representante de los profesores nombrados de la jurisdicci\u00f3n como miembro de la Comisi\u00f3n permanente de Proceso Administrativo Disciplinario 2023-2024 CCPADD REFERENCIA R.M. N\u00b0 091-2021-MINEDU<\/p>\n\n\n\n<div class=\"wp-block-file\"><object class=\"wp-block-file__embed\" data=\"https:\/\/web.ugelcondesuyos.com\/wp-content\/uploads\/COMUNICADO-N\u00b0-001-2022-GRA-GREA-Propuestas-para-presentar-propuestas-para-Comite-Electoral-para-eleccion-de-representante-de-docente-nombrado-CCPADD.pdf\" type=\"application\/pdf\" style=\"width:100%;height:600px\" aria-label=\"Incrustado de Incrustado de COMUNICADO-N\u00b0-001-2022-GRA-GREA..\"><\/object><a id=\"wp-block-file--media-3d254325-9738-444a-a1f2-c948d7dea275\" href=\"https:\/\/web.ugelcondesuyos.com\/wp-content\/uploads\/COMUNICADO-N\u00b0-001-2022-GRA-GREA-Propuestas-para-presentar-propuestas-para-Comite-Electoral-para-eleccion-de-representante-de-docente-nombrado-CCPADD.pdf\">COMUNICADO-N\u00b0-001-2022-GRA-GREA<\/a><a href=\"https:\/\/web.ugelcondesuyos.com\/wp-content\/uploads\/COMUNICADO-N\u00b0-001-2022-GRA-GREA-Propuestas-para-presentar-propuestas-para-Comite-Electoral-para-eleccion-de-representante-de-docente-nombrado-CCPADD.pdf\" class=\"wp-block-file__button\" download aria-describedby=\"wp-block-file--media-3d254325-9738-444a-a1f2-c948d7dea275\">Descarga<\/a><\/div>\n","protected":false},"excerpt":{"rendered":"<p>Comunica a los docentes nombrados presentar sus propuestas en f\u00edsico o virtual por mesa de partes de la UGEL para la conformaci\u00f3n del Comit\u00e9 Electoral, a fin de elegir al representante de los profesores nombrados de la jurisdicci\u00f3n como miembro de la Comisi\u00f3n permanente de Proceso Administrativo Disciplinario 2023-2024 CCPADD REFERENCIA R.M. N\u00b0 091-2021-MINEDU<\/p>\n","protected":false},"author":1,"featured_media":0,"comment_status":"open","ping_status":"open","sticky":false,"template":"","format":"standard","meta":{"footnotes":""},"categories":[13],"tags":[],"_links":{"self":[{"href":"https:\/\/web.ugelcondesuyos.com\/index.php?rest_route=\/wp\/v2\/posts\/648"}],"collection":[{"href":"https:\/\/web.ugelcondesuyos.com\/index.php?rest_route=\/wp\/v2\/posts"}],"about":[{"href":"https:\/\/web.ugelcondesuyos.com\/index.php?rest_route=\/wp\/v2\/types\/post"}],"author":[{"embeddable":true,"href":"https:\/\/web.ugelcondesuyos.com\/index.php?rest_route=\/wp\/v2\/users\/1"}],"replies":[{"embeddable":true,"href":"https:\/\/web.ugelcondesuyos.com\/index.php?rest_route=%2Fwp%2Fv2%2Fcomments&post=648"}],"version-history":[{"count":0,"href":"https:\/\/web.ugelcondesuyos.com\/index.php?rest_route=\/wp\/v2\/posts\/648\/revisions"}],"wp:attachment":[{"href":"https:\/\/web.ugelcondesuyos.com\/index.php?rest_route=%2Fwp%2Fv2%2Fmedia&parent=648"}],"wp:term":[{"taxonomy":"category","embeddable":true,"href":"https:\/\/web.ugelcondesuyos.com\/index.php?rest_route=%2Fwp%2Fv2%2Fcategories&post=648"},{"taxonomy":"post_tag","embeddable":true,"href":"https:\/\/web.ugelcondesuyos.com\/index.php?rest_route=%2Fwp%2Fv2%2Ftags&post=648"}],"curies":[{"name":"wp","href":"https:\/\/api.w.org\/{rel}","templated":true}]}}