{"id":7206,"date":"2024-03-12T22:33:27","date_gmt":"2024-03-13T03:33:27","guid":{"rendered":"https:\/\/web.ugelcondesuyos.com\/?p=7206"},"modified":"2024-03-12T22:33:28","modified_gmt":"2024-03-13T03:33:28","slug":"proceso-cas-n002-2024-gra-grea-ugel-cond","status":"publish","type":"post","link":"https:\/\/web.ugelcondesuyos.com\/?p=7206","title":{"rendered":"PROCESO CAS N\u00b0002-2024-GRA-GREA-UGEL.COND"},"content":{"rendered":"\n<p>II CONVOCATORIA PARA LA CONTRATACI\u00d3N ADMINISTRAIVA DE SERVICIOS DE PERSONAL PARA LAS INTERVENCIONES Y ACCIONES PEDAG\u00d3GICAS EN EL MARCO DEL PROGRAMA PRESUPUESTAL 0090 EN EL AMBITO DE LA UNIDAD DE GESTI\u00d3N EDUCATIVA LOCAL CONDESUYOS<\/p>\n\n\n\n<div class=\"wp-block-file\"><object class=\"wp-block-file__embed\" data=\"https:\/\/web.ugelcondesuyos.com\/wp-content\/uploads\/CONVOCATORIA-002-COMPLETA-FOLIADA-Y-SELLADA-1.pdf\" type=\"application\/pdf\" style=\"width:100%;height:600px\" aria-label=\"Incrustado de CONVOCATORIA-002-COMPLETA-FOLIADA-Y-SELLADA-1.\"><\/object><a id=\"wp-block-file--media-73a78d24-f24a-4a44-acb9-7ad74b939cf0\" href=\"https:\/\/web.ugelcondesuyos.com\/wp-content\/uploads\/CONVOCATORIA-002-COMPLETA-FOLIADA-Y-SELLADA-1.pdf\">CONVOCATORIA-002-COMPLETA-FOLIADA-Y-SELLADA-1<\/a><a href=\"https:\/\/web.ugelcondesuyos.com\/wp-content\/uploads\/CONVOCATORIA-002-COMPLETA-FOLIADA-Y-SELLADA-1.pdf\" class=\"wp-block-file__button wp-element-button\" download aria-describedby=\"wp-block-file--media-73a78d24-f24a-4a44-acb9-7ad74b939cf0\">Descarga<\/a><\/div>\n","protected":false},"excerpt":{"rendered":"<p>II CONVOCATORIA PARA LA CONTRATACI\u00d3N ADMINISTRAIVA DE SERVICIOS DE PERSONAL PARA LAS INTERVENCIONES Y ACCIONES PEDAG\u00d3GICAS EN EL MARCO DEL PROGRAMA PRESUPUESTAL 0090 EN EL AMBITO DE LA UNIDAD DE GESTI\u00d3N EDUCATIVA LOCAL CONDESUYOS<\/p>\n","protected":false},"author":1,"featured_media":0,"comment_status":"open","ping_status":"open","sticky":false,"template":"","format":"standard","meta":{"footnotes":""},"categories":[13,14],"tags":[],"_links":{"self":[{"href":"https:\/\/web.ugelcondesuyos.com\/index.php?rest_route=\/wp\/v2\/posts\/7206"}],"collection":[{"href":"https:\/\/web.ugelcondesuyos.com\/index.php?rest_route=\/wp\/v2\/posts"}],"about":[{"href":"https:\/\/web.ugelcondesuyos.com\/index.php?rest_route=\/wp\/v2\/types\/post"}],"author":[{"embeddable":true,"href":"https:\/\/web.ugelcondesuyos.com\/index.php?rest_route=\/wp\/v2\/users\/1"}],"replies":[{"embeddable":true,"href":"https:\/\/web.ugelcondesuyos.com\/index.php?rest_route=%2Fwp%2Fv2%2Fcomments&post=7206"}],"version-history":[{"count":1,"href":"https:\/\/web.ugelcondesuyos.com\/index.php?rest_route=\/wp\/v2\/posts\/7206\/revisions"}],"predecessor-version":[{"id":7209,"href":"https:\/\/web.ugelcondesuyos.com\/index.php?rest_route=\/wp\/v2\/posts\/7206\/revisions\/7209"}],"wp:attachment":[{"href":"https:\/\/web.ugelcondesuyos.com\/index.php?rest_route=%2Fwp%2Fv2%2Fmedia&parent=7206"}],"wp:term":[{"taxonomy":"category","embeddable":true,"href":"https:\/\/web.ugelcondesuyos.com\/index.php?rest_route=%2Fwp%2Fv2%2Fcategories&post=7206"},{"taxonomy":"post_tag","embeddable":true,"href":"https:\/\/web.ugelcondesuyos.com\/index.php?rest_route=%2Fwp%2Fv2%2Ftags&post=7206"}],"curies":[{"name":"wp","href":"https:\/\/api.w.org\/{rel}","templated":true}]}}