{"id":7422,"date":"2024-04-08T16:54:26","date_gmt":"2024-04-08T21:54:26","guid":{"rendered":"https:\/\/web.ugelcondesuyos.com\/?p=7422"},"modified":"2024-04-08T16:54:59","modified_gmt":"2024-04-08T21:54:59","slug":"cronograma-de-reasignacion-por-excedencia-del-personal-docente-de-la-ugel-condesuyos-2024","status":"publish","type":"post","link":"https:\/\/web.ugelcondesuyos.com\/?p=7422","title":{"rendered":"PROCESO DE REASIGNACI\u00d3N POR RACIONALIZACION 2024 &#8211; REORDENAMIENTO"},"content":{"rendered":"\n<p>CRONOGRAMA DE REASIGNACI\u00d3N POR EXCEDENCIA DEL PERSONAL DOCENTE DE LA UGEL CONDESUYOS 2024 REORDENAMIENTO 2024 SEG\u00daN RESOLUCI\u00d3N VICEMINISTERIAL N\u00b0307-2019-MINEDU Y RESOLUCI\u00d3N VICEMINISTERIAL N\u00b0074-2023-MINEDU<\/p>\n\n\n\n<div class=\"wp-block-file\"><object class=\"wp-block-file__embed\" data=\"https:\/\/web.ugelcondesuyos.com\/wp-content\/uploads\/Proceso-de-reasignacion-por-Racionalizacion-2024.pdf\" type=\"application\/pdf\" style=\"width:100%;height:600px\" aria-label=\"Incrustado de Proceso-de-reasignacion-por-Racionalizacion-2024.\"><\/object><a id=\"wp-block-file--media-ced985a2-91ea-48cf-8f56-00503bd9573d\" href=\"https:\/\/web.ugelcondesuyos.com\/wp-content\/uploads\/Proceso-de-reasignacion-por-Racionalizacion-2024.pdf\">Proceso-de-reasignacion-por-Racionalizacion-2024<\/a><a href=\"https:\/\/web.ugelcondesuyos.com\/wp-content\/uploads\/Proceso-de-reasignacion-por-Racionalizacion-2024.pdf\" class=\"wp-block-file__button wp-element-button\" download aria-describedby=\"wp-block-file--media-ced985a2-91ea-48cf-8f56-00503bd9573d\">Descarga<\/a><\/div>\n","protected":false},"excerpt":{"rendered":"<p>CRONOGRAMA DE REASIGNACI\u00d3N POR EXCEDENCIA DEL PERSONAL DOCENTE DE LA UGEL CONDESUYOS 2024 REORDENAMIENTO 2024 SEG\u00daN RESOLUCI\u00d3N VICEMINISTERIAL N\u00b0307-2019-MINEDU Y RESOLUCI\u00d3N VICEMINISTERIAL N\u00b0074-2023-MINEDU<\/p>\n","protected":false},"author":1,"featured_media":0,"comment_status":"open","ping_status":"open","sticky":false,"template":"","format":"standard","meta":{"footnotes":""},"categories":[13,15],"tags":[],"_links":{"self":[{"href":"https:\/\/web.ugelcondesuyos.com\/index.php?rest_route=\/wp\/v2\/posts\/7422"}],"collection":[{"href":"https:\/\/web.ugelcondesuyos.com\/index.php?rest_route=\/wp\/v2\/posts"}],"about":[{"href":"https:\/\/web.ugelcondesuyos.com\/index.php?rest_route=\/wp\/v2\/types\/post"}],"author":[{"embeddable":true,"href":"https:\/\/web.ugelcondesuyos.com\/index.php?rest_route=\/wp\/v2\/users\/1"}],"replies":[{"embeddable":true,"href":"https:\/\/web.ugelcondesuyos.com\/index.php?rest_route=%2Fwp%2Fv2%2Fcomments&post=7422"}],"version-history":[{"count":3,"href":"https:\/\/web.ugelcondesuyos.com\/index.php?rest_route=\/wp\/v2\/posts\/7422\/revisions"}],"predecessor-version":[{"id":7427,"href":"https:\/\/web.ugelcondesuyos.com\/index.php?rest_route=\/wp\/v2\/posts\/7422\/revisions\/7427"}],"wp:attachment":[{"href":"https:\/\/web.ugelcondesuyos.com\/index.php?rest_route=%2Fwp%2Fv2%2Fmedia&parent=7422"}],"wp:term":[{"taxonomy":"category","embeddable":true,"href":"https:\/\/web.ugelcondesuyos.com\/index.php?rest_route=%2Fwp%2Fv2%2Fcategories&post=7422"},{"taxonomy":"post_tag","embeddable":true,"href":"https:\/\/web.ugelcondesuyos.com\/index.php?rest_route=%2Fwp%2Fv2%2Ftags&post=7422"}],"curies":[{"name":"wp","href":"https:\/\/api.w.org\/{rel}","templated":true}]}}