{"id":7512,"date":"2024-05-20T22:27:00","date_gmt":"2024-05-21T03:27:00","guid":{"rendered":"https:\/\/web.ugelcondesuyos.com\/?p=7512"},"modified":"2024-05-21T10:32:12","modified_gmt":"2024-05-21T15:32:12","slug":"invitacion-por-el-dia-de-la-educacion-inicial","status":"publish","type":"post","link":"https:\/\/web.ugelcondesuyos.com\/?p=7512","title":{"rendered":"INVITACI\u00d3N POR EL D\u00cdA DE LA EDUCACI\u00d3N INICIAL"},"content":{"rendered":"\n<p>IZAMIENTO DEL PABELL\u00d3N NACIONAL Y PASACALLE DE FIESTA POR LOS 93\u00b0 ANIVERSARIO DE LA EDUCACI\u00d3N INICIAL<\/p>\n\n\n\n<figure class=\"wp-block-image size-large\"><img decoding=\"async\" loading=\"lazy\" width=\"1024\" height=\"720\" src=\"https:\/\/web.ugelcondesuyos.com\/wp-content\/uploads\/image-8-1024x720.png\" alt=\"\" class=\"wp-image-7513\" srcset=\"https:\/\/web.ugelcondesuyos.com\/wp-content\/uploads\/image-8-1024x720.png 1024w, https:\/\/web.ugelcondesuyos.com\/wp-content\/uploads\/image-8-300x211.png 300w, https:\/\/web.ugelcondesuyos.com\/wp-content\/uploads\/image-8-768x540.png 768w, https:\/\/web.ugelcondesuyos.com\/wp-content\/uploads\/image-8.png 1119w\" sizes=\"(max-width: 1024px) 100vw, 1024px\" \/><\/figure>\n","protected":false},"excerpt":{"rendered":"<p>IZAMIENTO DEL PABELL\u00d3N NACIONAL Y PASACALLE DE FIESTA POR LOS 93\u00b0 ANIVERSARIO DE LA EDUCACI\u00d3N INICIAL<\/p>\n","protected":false},"author":1,"featured_media":0,"comment_status":"open","ping_status":"open","sticky":false,"template":"","format":"standard","meta":{"footnotes":""},"categories":[1],"tags":[],"_links":{"self":[{"href":"https:\/\/web.ugelcondesuyos.com\/index.php?rest_route=\/wp\/v2\/posts\/7512"}],"collection":[{"href":"https:\/\/web.ugelcondesuyos.com\/index.php?rest_route=\/wp\/v2\/posts"}],"about":[{"href":"https:\/\/web.ugelcondesuyos.com\/index.php?rest_route=\/wp\/v2\/types\/post"}],"author":[{"embeddable":true,"href":"https:\/\/web.ugelcondesuyos.com\/index.php?rest_route=\/wp\/v2\/users\/1"}],"replies":[{"embeddable":true,"href":"https:\/\/web.ugelcondesuyos.com\/index.php?rest_route=%2Fwp%2Fv2%2Fcomments&post=7512"}],"version-history":[{"count":1,"href":"https:\/\/web.ugelcondesuyos.com\/index.php?rest_route=\/wp\/v2\/posts\/7512\/revisions"}],"predecessor-version":[{"id":7514,"href":"https:\/\/web.ugelcondesuyos.com\/index.php?rest_route=\/wp\/v2\/posts\/7512\/revisions\/7514"}],"wp:attachment":[{"href":"https:\/\/web.ugelcondesuyos.com\/index.php?rest_route=%2Fwp%2Fv2%2Fmedia&parent=7512"}],"wp:term":[{"taxonomy":"category","embeddable":true,"href":"https:\/\/web.ugelcondesuyos.com\/index.php?rest_route=%2Fwp%2Fv2%2Fcategories&post=7512"},{"taxonomy":"post_tag","embeddable":true,"href":"https:\/\/web.ugelcondesuyos.com\/index.php?rest_route=%2Fwp%2Fv2%2Ftags&post=7512"}],"curies":[{"name":"wp","href":"https:\/\/api.w.org\/{rel}","templated":true}]}}