{"id":7893,"date":"2024-09-11T09:57:43","date_gmt":"2024-09-11T14:57:43","guid":{"rendered":"https:\/\/web.ugelcondesuyos.com\/?p=7893"},"modified":"2024-09-11T09:58:55","modified_gmt":"2024-09-11T14:58:55","slug":"comunicado-13","status":"publish","type":"post","link":"https:\/\/web.ugelcondesuyos.com\/?p=7893","title":{"rendered":"COMUNICADO"},"content":{"rendered":"\n<p>CONVOCATORIA DEL PROCESO DE EVALUACI\u00d3N DE ENCARGATURAS DE PLAZAS DE DIRECTOR DE GESTI\u00d3N PEDAG\u00d3GICA DE LA GRE AREQUIPA PARA EL A\u00d1O 2024 EN EL MARCO DE LA LEY DE LA REFORMA MAGISTERIAL &#8211; TERCERA ETAPA &#8211; ENCARGATURA COMPLEMENTARIA: FASE II<\/p>\n\n\n\n<div class=\"wp-block-file\"><object class=\"wp-block-file__embed\" data=\"https:\/\/web.ugelcondesuyos.com\/wp-content\/uploads\/COMUNICADO-CONVOCATORIA-ENCARGATURA-DGP-GRE-AREQUIPA.pdf\" type=\"application\/pdf\" style=\"width:100%;height:600px\" aria-label=\"Incrustado de COMUNICADO-CONVOCATORIA-ENCARGATURA-DGP-GRE-AREQUIPA.\"><\/object><a id=\"wp-block-file--media-fdc63fe0-3253-49d9-be69-f6da8d33420a\" href=\"https:\/\/web.ugelcondesuyos.com\/wp-content\/uploads\/COMUNICADO-CONVOCATORIA-ENCARGATURA-DGP-GRE-AREQUIPA.pdf\">COMUNICADO-CONVOCATORIA-ENCARGATURA-DGP-GRE-AREQUIPA<\/a><a href=\"https:\/\/web.ugelcondesuyos.com\/wp-content\/uploads\/COMUNICADO-CONVOCATORIA-ENCARGATURA-DGP-GRE-AREQUIPA.pdf\" class=\"wp-block-file__button wp-element-button\" download aria-describedby=\"wp-block-file--media-fdc63fe0-3253-49d9-be69-f6da8d33420a\">Descarga<\/a><\/div>\n","protected":false},"excerpt":{"rendered":"<p>CONVOCATORIA DEL PROCESO DE EVALUACI\u00d3N DE ENCARGATURAS DE PLAZAS DE DIRECTOR DE GESTI\u00d3N PEDAG\u00d3GICA DE LA GRE AREQUIPA PARA EL A\u00d1O 2024 EN EL MARCO DE LA LEY DE LA REFORMA MAGISTERIAL &#8211; TERCERA ETAPA &#8211; ENCARGATURA COMPLEMENTARIA: FASE II<\/p>\n","protected":false},"author":1,"featured_media":0,"comment_status":"open","ping_status":"open","sticky":false,"template":"","format":"standard","meta":{"footnotes":""},"categories":[13],"tags":[],"_links":{"self":[{"href":"https:\/\/web.ugelcondesuyos.com\/index.php?rest_route=\/wp\/v2\/posts\/7893"}],"collection":[{"href":"https:\/\/web.ugelcondesuyos.com\/index.php?rest_route=\/wp\/v2\/posts"}],"about":[{"href":"https:\/\/web.ugelcondesuyos.com\/index.php?rest_route=\/wp\/v2\/types\/post"}],"author":[{"embeddable":true,"href":"https:\/\/web.ugelcondesuyos.com\/index.php?rest_route=\/wp\/v2\/users\/1"}],"replies":[{"embeddable":true,"href":"https:\/\/web.ugelcondesuyos.com\/index.php?rest_route=%2Fwp%2Fv2%2Fcomments&post=7893"}],"version-history":[{"count":1,"href":"https:\/\/web.ugelcondesuyos.com\/index.php?rest_route=\/wp\/v2\/posts\/7893\/revisions"}],"predecessor-version":[{"id":7895,"href":"https:\/\/web.ugelcondesuyos.com\/index.php?rest_route=\/wp\/v2\/posts\/7893\/revisions\/7895"}],"wp:attachment":[{"href":"https:\/\/web.ugelcondesuyos.com\/index.php?rest_route=%2Fwp%2Fv2%2Fmedia&parent=7893"}],"wp:term":[{"taxonomy":"category","embeddable":true,"href":"https:\/\/web.ugelcondesuyos.com\/index.php?rest_route=%2Fwp%2Fv2%2Fcategories&post=7893"},{"taxonomy":"post_tag","embeddable":true,"href":"https:\/\/web.ugelcondesuyos.com\/index.php?rest_route=%2Fwp%2Fv2%2Ftags&post=7893"}],"curies":[{"name":"wp","href":"https:\/\/api.w.org\/{rel}","templated":true}]}}