{"id":8023,"date":"2024-10-14T21:01:48","date_gmt":"2024-10-15T02:01:48","guid":{"rendered":"https:\/\/web.ugelcondesuyos.com\/?p=8023"},"modified":"2024-10-14T21:01:49","modified_gmt":"2024-10-15T02:01:49","slug":"proceso-de-encargatura-de-jefe-de-gestion-pedagogica-directivos-y-cargos-jerarquicos-de-la-ugel-condesuyos-2","status":"publish","type":"post","link":"https:\/\/web.ugelcondesuyos.com\/?p=8023","title":{"rendered":"PROCESO DE ENCARGATURA DE JEFE DE GESTI\u00d3N PEDAG\u00d3GICA, DIRECTIVOS Y CARGOS JER\u00c1RQUICOS DE LA UGEL CONDESUYOS"},"content":{"rendered":"\n<p>CUADRO DE VERIFICACI\u00d3N DE REQUISITOS Y PUBLICACION DE APTOS Y NO APTOS<\/p>\n\n\n\n<div class=\"wp-block-file\"><object class=\"wp-block-file__embed\" data=\"https:\/\/web.ugelcondesuyos.com\/wp-content\/uploads\/CUADRO-DE-VERIFICACION-DE-REQUISITOS-Y-PUBLICACION-DE-APTOS-Y-NO-APTOS.pdf\" type=\"application\/pdf\" style=\"width:100%;height:600px\" aria-label=\"Incrustado de CUADRO-DE-VERIFICACION-DE-REQUISITOS-Y-PUBLICACION-DE-APTOS-Y-NO-APTOS.\"><\/object><a id=\"wp-block-file--media-7b2c64f9-8a54-444e-9146-7b74d6249fde\" href=\"https:\/\/web.ugelcondesuyos.com\/wp-content\/uploads\/CUADRO-DE-VERIFICACION-DE-REQUISITOS-Y-PUBLICACION-DE-APTOS-Y-NO-APTOS.pdf\">CUADRO-DE-VERIFICACION-DE-REQUISITOS-Y-PUBLICACION-DE-APTOS-Y-NO-APTOS<\/a><a href=\"https:\/\/web.ugelcondesuyos.com\/wp-content\/uploads\/CUADRO-DE-VERIFICACION-DE-REQUISITOS-Y-PUBLICACION-DE-APTOS-Y-NO-APTOS.pdf\" class=\"wp-block-file__button wp-element-button\" download aria-describedby=\"wp-block-file--media-7b2c64f9-8a54-444e-9146-7b74d6249fde\">Descarga<\/a><\/div>\n","protected":false},"excerpt":{"rendered":"<p>CUADRO DE VERIFICACI\u00d3N DE REQUISITOS Y PUBLICACION DE APTOS Y NO APTOS<\/p>\n","protected":false},"author":1,"featured_media":0,"comment_status":"open","ping_status":"open","sticky":false,"template":"","format":"standard","meta":{"footnotes":""},"categories":[13],"tags":[],"_links":{"self":[{"href":"https:\/\/web.ugelcondesuyos.com\/index.php?rest_route=\/wp\/v2\/posts\/8023"}],"collection":[{"href":"https:\/\/web.ugelcondesuyos.com\/index.php?rest_route=\/wp\/v2\/posts"}],"about":[{"href":"https:\/\/web.ugelcondesuyos.com\/index.php?rest_route=\/wp\/v2\/types\/post"}],"author":[{"embeddable":true,"href":"https:\/\/web.ugelcondesuyos.com\/index.php?rest_route=\/wp\/v2\/users\/1"}],"replies":[{"embeddable":true,"href":"https:\/\/web.ugelcondesuyos.com\/index.php?rest_route=%2Fwp%2Fv2%2Fcomments&post=8023"}],"version-history":[{"count":1,"href":"https:\/\/web.ugelcondesuyos.com\/index.php?rest_route=\/wp\/v2\/posts\/8023\/revisions"}],"predecessor-version":[{"id":8025,"href":"https:\/\/web.ugelcondesuyos.com\/index.php?rest_route=\/wp\/v2\/posts\/8023\/revisions\/8025"}],"wp:attachment":[{"href":"https:\/\/web.ugelcondesuyos.com\/index.php?rest_route=%2Fwp%2Fv2%2Fmedia&parent=8023"}],"wp:term":[{"taxonomy":"category","embeddable":true,"href":"https:\/\/web.ugelcondesuyos.com\/index.php?rest_route=%2Fwp%2Fv2%2Fcategories&post=8023"},{"taxonomy":"post_tag","embeddable":true,"href":"https:\/\/web.ugelcondesuyos.com\/index.php?rest_route=%2Fwp%2Fv2%2Ftags&post=8023"}],"curies":[{"name":"wp","href":"https:\/\/api.w.org\/{rel}","templated":true}]}}