{"id":8295,"date":"2025-01-10T15:55:44","date_gmt":"2025-01-10T20:55:44","guid":{"rendered":"https:\/\/web.ugelcondesuyos.com\/?p=8295"},"modified":"2025-01-10T15:55:45","modified_gmt":"2025-01-10T20:55:45","slug":"convocatoria-de-seleccion-de-promotora-educativa-comunitaria-3","status":"publish","type":"post","link":"https:\/\/web.ugelcondesuyos.com\/?p=8295","title":{"rendered":"CONVOCATORIA DE SELECCI\u00d3N DE PROMOTORA EDUCATIVA COMUNITARIA"},"content":{"rendered":"\n<p>La Unidad de Gesti\u00f3n Educativa Local Condesuyos, a trav\u00e9s del Comit\u00e9 de evaluaci\u00f3n y selecci\u00f3n de la Promotora Educativa Comunitaria, en concordancia con la RVM N\u00b0 036-2015-MINEDU, Convoca a cubrir las PLAZAS DE PROMOTOR(A) EDUCATIVO(A) COMUNITARIO(A).<\/p>\n\n\n\n<div class=\"wp-block-file\"><object class=\"wp-block-file__embed\" data=\"https:\/\/web.ugelcondesuyos.com\/wp-content\/uploads\/CONVOCATORIA-PEC-2025-1.pdf\" type=\"application\/pdf\" style=\"width:100%;height:600px\" aria-label=\"Incrustado de CONVOCATORIA-PEC-2025-1.\"><\/object><a id=\"wp-block-file--media-e0bc10a2-b250-4d2d-8a1c-5a96179cb25a\" href=\"https:\/\/web.ugelcondesuyos.com\/wp-content\/uploads\/CONVOCATORIA-PEC-2025-1.pdf\">CONVOCATORIA-PEC-2025-1<\/a><a href=\"https:\/\/web.ugelcondesuyos.com\/wp-content\/uploads\/CONVOCATORIA-PEC-2025-1.pdf\" class=\"wp-block-file__button wp-element-button\" download aria-describedby=\"wp-block-file--media-e0bc10a2-b250-4d2d-8a1c-5a96179cb25a\">Descarga<\/a><\/div>\n","protected":false},"excerpt":{"rendered":"<p>La Unidad de Gesti\u00f3n Educativa Local Condesuyos, a trav\u00e9s del Comit\u00e9 de evaluaci\u00f3n y selecci\u00f3n de la Promotora Educativa Comunitaria, en concordancia con la RVM N\u00b0 036-2015-MINEDU, Convoca a cubrir las PLAZAS DE PROMOTOR(A) EDUCATIVO(A) COMUNITARIO(A).<\/p>\n","protected":false},"author":1,"featured_media":0,"comment_status":"open","ping_status":"open","sticky":false,"template":"","format":"standard","meta":{"footnotes":""},"categories":[13,14],"tags":[],"_links":{"self":[{"href":"https:\/\/web.ugelcondesuyos.com\/index.php?rest_route=\/wp\/v2\/posts\/8295"}],"collection":[{"href":"https:\/\/web.ugelcondesuyos.com\/index.php?rest_route=\/wp\/v2\/posts"}],"about":[{"href":"https:\/\/web.ugelcondesuyos.com\/index.php?rest_route=\/wp\/v2\/types\/post"}],"author":[{"embeddable":true,"href":"https:\/\/web.ugelcondesuyos.com\/index.php?rest_route=\/wp\/v2\/users\/1"}],"replies":[{"embeddable":true,"href":"https:\/\/web.ugelcondesuyos.com\/index.php?rest_route=%2Fwp%2Fv2%2Fcomments&post=8295"}],"version-history":[{"count":1,"href":"https:\/\/web.ugelcondesuyos.com\/index.php?rest_route=\/wp\/v2\/posts\/8295\/revisions"}],"predecessor-version":[{"id":8297,"href":"https:\/\/web.ugelcondesuyos.com\/index.php?rest_route=\/wp\/v2\/posts\/8295\/revisions\/8297"}],"wp:attachment":[{"href":"https:\/\/web.ugelcondesuyos.com\/index.php?rest_route=%2Fwp%2Fv2%2Fmedia&parent=8295"}],"wp:term":[{"taxonomy":"category","embeddable":true,"href":"https:\/\/web.ugelcondesuyos.com\/index.php?rest_route=%2Fwp%2Fv2%2Fcategories&post=8295"},{"taxonomy":"post_tag","embeddable":true,"href":"https:\/\/web.ugelcondesuyos.com\/index.php?rest_route=%2Fwp%2Fv2%2Ftags&post=8295"}],"curies":[{"name":"wp","href":"https:\/\/api.w.org\/{rel}","templated":true}]}}