{"id":8567,"date":"2025-03-06T10:32:16","date_gmt":"2025-03-06T15:32:16","guid":{"rendered":"https:\/\/web.ugelcondesuyos.com\/?p=8567"},"modified":"2025-03-06T10:32:49","modified_gmt":"2025-03-06T15:32:49","slug":"convocatoria-cas-n003-2025-gra-grea-ugel-cond","status":"publish","type":"post","link":"https:\/\/web.ugelcondesuyos.com\/?p=8567","title":{"rendered":"CONVOCATORIA CAS N\u00b0003-2025-GRA-GREA-UGEL.COND"},"content":{"rendered":"\n<p>II CONVOCATORIA PARA LA CONTRATACI\u00d3N ADMINISTRATIVA DE SERVICIOS CAS D.L. N\u00b01057 PERSONAL PARA LAS INTERVENCIONES Y ACCIONES PEDAG\u00d3GICAS EN EL \u00c1MBITO DE LA UNIDAD DE GESTI\u00d3N EDUCATIVA LOCAL 2025<\/p>\n\n\n\n<div class=\"wp-block-file\"><object class=\"wp-block-file__embed\" data=\"https:\/\/web.ugelcondesuyos.com\/wp-content\/uploads\/CONVOCATORIA-002-PROCESO-CAS-003-2025-cs.pdf\" type=\"application\/pdf\" style=\"width:100%;height:600px\" aria-label=\"Incrustado de CONVOCATORIA-002-PROCESO-CAS-003-2025-cs.\"><\/object><a id=\"wp-block-file--media-4435c0c1-a74a-4425-b162-61fdcfb3d25f\" href=\"https:\/\/web.ugelcondesuyos.com\/wp-content\/uploads\/CONVOCATORIA-002-PROCESO-CAS-003-2025-cs.pdf\">CONVOCATORIA-002-PROCESO-CAS-003-2025-cs<\/a><a href=\"https:\/\/web.ugelcondesuyos.com\/wp-content\/uploads\/CONVOCATORIA-002-PROCESO-CAS-003-2025-cs.pdf\" class=\"wp-block-file__button wp-element-button\" download aria-describedby=\"wp-block-file--media-4435c0c1-a74a-4425-b162-61fdcfb3d25f\">Descarga<\/a><\/div>\n","protected":false},"excerpt":{"rendered":"<p>II CONVOCATORIA PARA LA CONTRATACI\u00d3N ADMINISTRATIVA DE SERVICIOS CAS D.L. N\u00b01057 PERSONAL PARA LAS INTERVENCIONES Y ACCIONES PEDAG\u00d3GICAS EN EL \u00c1MBITO DE LA UNIDAD DE GESTI\u00d3N EDUCATIVA LOCAL 2025<\/p>\n","protected":false},"author":1,"featured_media":0,"comment_status":"open","ping_status":"open","sticky":false,"template":"","format":"standard","meta":{"footnotes":""},"categories":[14],"tags":[],"_links":{"self":[{"href":"https:\/\/web.ugelcondesuyos.com\/index.php?rest_route=\/wp\/v2\/posts\/8567"}],"collection":[{"href":"https:\/\/web.ugelcondesuyos.com\/index.php?rest_route=\/wp\/v2\/posts"}],"about":[{"href":"https:\/\/web.ugelcondesuyos.com\/index.php?rest_route=\/wp\/v2\/types\/post"}],"author":[{"embeddable":true,"href":"https:\/\/web.ugelcondesuyos.com\/index.php?rest_route=\/wp\/v2\/users\/1"}],"replies":[{"embeddable":true,"href":"https:\/\/web.ugelcondesuyos.com\/index.php?rest_route=%2Fwp%2Fv2%2Fcomments&post=8567"}],"version-history":[{"count":1,"href":"https:\/\/web.ugelcondesuyos.com\/index.php?rest_route=\/wp\/v2\/posts\/8567\/revisions"}],"predecessor-version":[{"id":8569,"href":"https:\/\/web.ugelcondesuyos.com\/index.php?rest_route=\/wp\/v2\/posts\/8567\/revisions\/8569"}],"wp:attachment":[{"href":"https:\/\/web.ugelcondesuyos.com\/index.php?rest_route=%2Fwp%2Fv2%2Fmedia&parent=8567"}],"wp:term":[{"taxonomy":"category","embeddable":true,"href":"https:\/\/web.ugelcondesuyos.com\/index.php?rest_route=%2Fwp%2Fv2%2Fcategories&post=8567"},{"taxonomy":"post_tag","embeddable":true,"href":"https:\/\/web.ugelcondesuyos.com\/index.php?rest_route=%2Fwp%2Fv2%2Ftags&post=8567"}],"curies":[{"name":"wp","href":"https:\/\/api.w.org\/{rel}","templated":true}]}}